{"id":4675,"date":"2020-09-29T17:54:44","date_gmt":"2020-09-29T17:54:44","guid":{"rendered":"http:\/\/intranet.asbl.ca\/blog\/?p=4675"},"modified":"2020-09-23T14:15:05","modified_gmt":"2020-09-23T14:15:05","slug":"rencontre-inter-formation-2013","status":"publish","type":"post","link":"http:\/\/intranet.asbl.ca\/blog\/2020\/09\/29\/rencontre-inter-formation-2013\/","title":{"rendered":"Rencontre Inter Formation 2013"},"content":{"rendered":"<p>De 1994-2009 : Membre du laboratoire CIVIIC-EA 2657 Centre Interdisciplinaire de recherche sur les Valeurs, les Id\u00e9es, les Identit\u00e9s et les Comp\u00e9tences en \u00e9ducation et formation \u00e0 luniversit\u00e9 de Rouen dirig\u00e9 par le Professeur Jean Houssaye, int\u00e9gr\u00e9e \u00e0 laxe 1 Savoirs et Acteurs de la formation dirig\u00e9 par le professeur Jean-Pierre Astolfi. Laurence Fontaine est la nouvelle pr\u00e9sidente dACTA VISTA. Elle poss\u00e8de une exp\u00e9rience internationale en affaires europ\u00e9ennes et lobbying pour le compte de grands groupes, a construit et anim\u00e9 des r\u00e9seaux publicspriv\u00e9s et g\u00e9r\u00e9 des projets transversaux. Laurence travaille depuis 15 ans \u00e0 Marseille o\u00f9 elle contribue au d\u00e9veloppement de l\u00e9conomie, de lemploi et de la formation sur des fili\u00e8res num\u00e9rique, a\u00e9ronautique, logistique, tourisme, etc. En local et \u00e0 linternational. La soci\u00e9t\u00e9 est dautant moins l\u00e9gitime \u00e0 soutenir que lutilisateur est clairement inform\u00e9 de la port\u00e9e de son accord quelle ne diffuse plus la liste int\u00e9grale des services quelle propose et qui seront concern\u00e9s par cette combinaison. Serge Escots, Nicolas Duruz :, PSN, 20153 : 27-52. Le portail de sciences humaines Cairn rassemble environ 240 titres pour ses revues, 8 titres de magazines, 650 livres num\u00e9riques, plus de 1.500 titres de collections Que sais-je? et Rep\u00e8res toutes disciplines confondues ainsi quune encyclop\u00e9die statistique et chronologique Etat du monde. RDV le 4 f\u00e9vrier 2020 \u00e0 17h00 au B\u00e2timent Rabelais du Campus Descartes Pour la p\u00e9riode de fin 2014 \u00e0 fin 2016, le RADyA a b\u00e9n\u00e9fici\u00e9 du soutien du FAMI Fonds Asile Migration et Int\u00e9gration : accompagnement de 10 structures associatives compos\u00e9es dintervenants b\u00e9n\u00e9voles pour co-\u00e9laborer des outils p\u00e9dagogiques ; accompagnement inter-associatif \u00e0 l\u00e9chelle nationale de 6 territoires. 1er rendez-vous le 16 avril prochain \u00e0 8h30, avec la Fondation Total, SSTFP-Sant\u00e9-S\u00e9curit\u00e9 au Travail dans les Fonctions Publiques Alain-Savary seront loccasion de faire le point sur les processus du <img decoding=\"async\" src=\"http:\/\/videos2.overcome.fr\/presentations-rythmo-lyon-2013\/images\/header.png\" alt=\"rencontre inter formation 2013\" align=\"center\"> Lussault, M 2012. O\u00f9 est pass\u00e9 le temps? Dans lespace! Dans J Birnbaum. O\u00f9 est pass\u00e9 le temps? Paris : Folio essais. Expert dans les contenus enseign\u00e9s et dans la m\u00e9thodologie de leur transmission comme celle de la construction des savoirs par les \u00e9l\u00e8ves, le professeur sest appropri\u00e9 l\u00e9pist\u00e9mologie, les contenus, concepts et d\u00e9marches de sa ses disciplines ou sp\u00e9cialit\u00e9s. Formation et apprentissage en ligne-France Lafleur, Ghislain Samson-Google Books Maladies du film lacrymal de la conjonctive et de la corn\u00e9e   De surcro\u00eet, la formation restreinte rel\u00e8ve que la soci\u00e9t\u00e9 revendique le fait que le recoupement de donn\u00e9es en provenance de cookies DoubleClick avec des donn\u00e9es permettant de vous identifier nest possible quavec votre accord explicite. Or, la soci\u00e9t\u00e9 traitera lensemble des donn\u00e9es de navigation issues de sites tiers int\u00e9grant loutil DoucleClick pour cr\u00e9er des profils utilisateurs \u00e0 des fins de ciblage publicitaire, que les personnes concern\u00e9es soient ou non des utilisateurs authentifi\u00e9s. Les donn\u00e9es collect\u00e9es par ce biais seront associ\u00e9es aux donn\u00e9es figurant dans les comptes utilisateurs.. Quand les personnes concern\u00e9es acc\u00e8deront ult\u00e9rieurement \u00e0 des services requ\u00e9rant leur authentification pr\u00e9alable, et ce alors m\u00eame que leur consentement sp\u00e9cifique naura pas \u00e9t\u00e9 recueilli en amont. Il est donc inexact de la part de la soci\u00e9t\u00e9, qui napporte aucun \u00e9l\u00e9ment probant en d\u00e9fense sur ce point, de se pr\u00e9valoir du contraire dans ses r\u00e8gles de confidentialit\u00e9. <img decoding=\"async\" src=\"http:\/\/www.africarice.org\/data1\/images\/1arc2013.jpg\" alt=\"rencontre inter formation 2013\" align=\"right\"> En 2019, 38 \u00e9coles formant les cadres A des trois fonctions publiques et de la s\u00e9curit\u00e9 sociale participent aux activit\u00e9s du RESP. Les enseignants de disciplines sont d\u00e9j\u00e0 tr\u00e8s pris par de nombreux projets en sus du programme, ils ont tendance \u00e0 refuser de participer \u00e0 davantage, il est donc difficile den motiver pour un projet lecture de bassin.  Et pour la suite, ce quil me manque encore, cest un peu d\u00e9clairage, mais \u00e7a fera lobjet dun ajout \u00e0 cet article lorsque je les aurais. Notre action sur le site de lH\u00f4pital Caroline a fait lobjet dun reportage de TF1 dans son JT de 13h dans le cadre de sa rubrique Patrimoine Insolite Approche syst\u00e9mique en mati\u00e8re de planification int\u00e9gr\u00e9e de la mobilit\u00e9 <img decoding=\"async\" src=\"http:\/\/www.promeo-formation.fr\/wp-content\/uploads\/2015\/05\/promeo-recrute1.png\" alt=\"rencontre inter formation 2013\" align=\"left\">.<\/p>\n","protected":false},"excerpt":{"rendered":"<p>rencontre inter formation 2013<\/p>\n","protected":false},"author":1,"featured_media":0,"comment_status":"closed","ping_status":"closed","sticky":false,"template":"","format":"standard","meta":{"footnotes":""},"categories":[1],"tags":[],"_links":{"self":[{"href":"http:\/\/intranet.asbl.ca\/blog\/wp-json\/wp\/v2\/posts\/4675"}],"collection":[{"href":"http:\/\/intranet.asbl.ca\/blog\/wp-json\/wp\/v2\/posts"}],"about":[{"href":"http:\/\/intranet.asbl.ca\/blog\/wp-json\/wp\/v2\/types\/post"}],"author":[{"embeddable":true,"href":"http:\/\/intranet.asbl.ca\/blog\/wp-json\/wp\/v2\/users\/1"}],"replies":[{"embeddable":true,"href":"http:\/\/intranet.asbl.ca\/blog\/wp-json\/wp\/v2\/comments?post=4675"}],"version-history":[{"count":1,"href":"http:\/\/intranet.asbl.ca\/blog\/wp-json\/wp\/v2\/posts\/4675\/revisions"}],"predecessor-version":[{"id":4676,"href":"http:\/\/intranet.asbl.ca\/blog\/wp-json\/wp\/v2\/posts\/4675\/revisions\/4676"}],"wp:attachment":[{"href":"http:\/\/intranet.asbl.ca\/blog\/wp-json\/wp\/v2\/media?parent=4675"}],"wp:term":[{"taxonomy":"category","embeddable":true,"href":"http:\/\/intranet.asbl.ca\/blog\/wp-json\/wp\/v2\/categories?post=4675"},{"taxonomy":"post_tag","embeddable":true,"href":"http:\/\/intranet.asbl.ca\/blog\/wp-json\/wp\/v2\/tags?post=4675"}],"curies":[{"name":"wp","href":"https:\/\/api.w.org\/{rel}","templated":true}]}}