{"id":4687,"date":"2020-09-29T21:11:31","date_gmt":"2020-09-29T21:11:31","guid":{"rendered":"http:\/\/intranet.asbl.ca\/blog\/?p=4687"},"modified":"2020-09-23T14:35:48","modified_gmt":"2020-09-23T14:35:48","slug":"rencontres-livres-des-mondes-juifs-et-diasporas-en-dialogue","status":"publish","type":"post","link":"http:\/\/intranet.asbl.ca\/blog\/2020\/09\/29\/rencontres-livres-des-mondes-juifs-et-diasporas-en-dialogue\/","title":{"rendered":"Rencontres Livres Des Mondes Juifs Et Diasporas En Dialogue"},"content":{"rendered":"<p>Se retrouveront au CRFJ, le vendredi 26 f\u00e9vrier 2010 de 10h \u00e0 12h Durant les derni\u00e8res p\u00e9riodes de la domination wisigothique, la religion juive \u00e9tait proclam\u00e9e ill\u00e9gale ; la connaissance que les Juifs avaient de la et des sciences samenuisait, les Juifs \u00e9tant coup\u00e9s du reste de la diaspora, \u00e9crit Ha\u00efm Zafrani. Selon David J. Wasserstein, Les juifs de lEspagne wisigothique ne savaient presque rien de la culture juive. Ils avaient quasiment perdu lusage de l et de l : dans les on trouve \u00e7\u00e0 et l\u00e0 quelques mots dh\u00e9breu seulement. On peut affirmer avec une quasi certitude que les juifs de lEspagne wisigothique ne connaissaient et ne pratiquaient quune seule langue, et que cette langue \u00e9tait celle de leurs voisins, cest-\u00e0-dire le de la p\u00e9riode. Aucun t\u00e9moignage ne vient confirmer que ces juifs jouissaient dune vie culturelle proprement dite. Quand lEspagne sinscrira dans le monde musulman l\u00e9lite culturelle juive conna\u00eetra, parall\u00e8lement \u00e0 larabisation, une reh\u00e9bra\u00efsation, \u00e0 la faveur d\u00e9changes intenses avec les communaut\u00e9s juives orientales.  Un peuple juif issu de la Bible et aboutissant \u00e0 l\u00c9tat dIsra\u00ebl : cest le mythe que d\u00e9crit Shlomo Sand dans son dernier livre. Il sexplique ici, ouvrant le dialogue avec Esther Benbassa, Maurice Sartre et Michel Winock. Les Guerres de mon p\u00e8re \u00c0 loccasion de la parution de Les Guerres de mon p\u00e8re Stock, 2018. Jeudi 3 mai 2018 \u00e0 19h30 Avec Colombe Schneck, \u00e9crivaine, et Eric Roux, journaliste, porte-parole \u00e0 lobservatoire des cuisines populaires. Un entretien men\u00e9 sous un angle original, o\u00f9 il sera bien s\u00fbr question du p\u00e8re de Colombe Schneck, de <img decoding=\"async\" src=\"http:\/\/archives.magazine-litteraire.com\/sites\/magazine-litteraire.com\/files\/media\/u13\/Capture%20d%E2%80%99e%CC%81cran%202017-08-29%20a%CC%80%2018.04.50.png\" alt=\"rencontres livres des mondes juifs et diasporas en dialogue\" align=\"left\">   les onze derni\u00e8res ann\u00e9es, a dit: Le dialogue est l\u00e9change de dons. A son Prot\u00e9g\u00e9 du tumulte de la rue, lespace en retrait de la Colonie est domin\u00e9 par une haute verri\u00e8re qui offre une lumi\u00e8re z\u00e9nithale et paisible. Au rez-de chauss\u00e9e, se d\u00e9ploie sur plus de 200 m2 lespace du bar o\u00f9 lon peut venir se reposer en prenant un caf\u00e9, o\u00f9 lon donne rendez-vous \u00e0 des amis pour boire un verre, o\u00f9 lon peut manger sur le pouce, venir \u00e9couter un concert ou encore assister \u00e0 une projection. Livres des mondes juifs et Diasporas en dialogue <img decoding=\"async\" src=\"http:\/\/www.quantumdiaries.org\/wp-content\/uploads\/2014\/04\/S2B_30thCollaboration.jpg\" alt=\"rencontres livres des mondes juifs et diasporas en dialogue\" align=\"right\"> For EndNote, ProCite, Reference Manager, Zotero, Mendeley 1075-1141, parcourt lEspagne en proie aux guerres entre chr\u00e9tiens et Almoravides. Il descend au pays dal-Andalous afin dy compl\u00e9ter ses \u00e9tudes. Il remporte une comp\u00e9tition de po\u00e9sie \u00e0 Cordoue, puis rencontre \u00e0 Grenade les po\u00e8tes s\u00e9farades et, avec lesquels il sera li\u00e9 sa vie durant. Une com\u00e9die romantique, originale et surprenante. Am\u00e9lie est serveuse dans un petit caf\u00e9 de Montmartre et sa vie est un kal\u00e9idoscope de personnages et d\u00e9v\u00e8nements fascinants. Radi\u00e9 du Barreau en 1942 par les lois de Vichy, il rejoint son \u00e9pouse \u00e0 Brian\u00e7on, o\u00f9 il passe une partie de la guerre, \u00e9crivant son journal : Journal dOccupation 1940-1947 Transhumances 2008-2011. Lors de la guerre isra\u00e9lo-arabe de 1948, il est commandant de d\u00e9tachement dans la brigade Alexandroni de la Haganah, une organisation arm\u00e9e de d\u00e9fense des communaut\u00e9s juives en Palestine, qui devait se fondre dans Tsahal. Au cours de cette premi\u00e8re guerre de 1948, il est gravement bless\u00e9 au cours de la premi\u00e8re bataille de Latroun contre la L\u00e9gion arabe. Walid Khalidi, dans ce livre qui fait suite \u00e0 Nakba, poursuit lanalyse de l\u00e9v\u00e9nement que les Palestiniens ont d\u00e9sign\u00e9 comme la catastrophe, qui vit la majorit\u00e9 de la population palestinienne chass\u00e9e de ses foyers et rejet\u00e9e hors des fronti\u00e8res du jeune \u00c9tat isra\u00e9lien en 1948. Ce deuxi\u00e8me essai est consacr\u00e9 \u00e0 la guerre elle-m\u00eame, dans le d\u00e9tail des op\u00e9rations, une guerre d\u00e9clench\u00e9e par la coalition improbable et divis\u00e9e des \u00e9tats arabes voisins \u00e0 lannonce de la cr\u00e9ation de lEtat dIsra\u00ebl, le 14 mai de cette ann\u00e9e 1948. Si les objectifs sont rest\u00e9s flous, chacun des pays de la coalition qui comprenait lEgypte, la Transjordanie, lIrak, la Syrie et le Liban poursuivant ses buts politiques propres, le pr\u00e9texte officiel \u00e0 lintervention \u00e9tait de d\u00e9fendre leur s\u00e9curit\u00e9 r\u00e9gionale. Mais les difficult\u00e9s \u00e0 assurer une coordination efficace des effectifs engag\u00e9s sur le terrain auront grandement nui au succ\u00e8s de lop\u00e9ration. A la veille de la guerre, 4 jours seulement avant son d\u00e9clenchement le 15 mai, le comit\u00e9 politique de la Ligue arabe saccorde enfin sur la personne du commandant charg\u00e9 de la coordination de loffensive et de la planification des op\u00e9rations. \u05de\u05e4\u05dc\u05d9\u05d0 \u05d4\u05d5\u05d0 \u05e9\u05d4\u05de\u05d7\u05e9\u05d1\u05d4 \u05d4\u05de\u05e2\u05e8\u05d1\u05d9\u05ea \u05d0\u05d9\u05e0\u05d4 \u05de\u05db\u05d9\u05e8\u05d4 \u05d0\u05ea \u05d4\u05de\u05d7\u05e9\u05d1\u05d4 \u05d4\u05d9\u05d4\u05d5\u05d3\u05d9\u05ea, \u05d0\u05da \u05e0\u05ea\u05e7\u05dc\u05ea \u05d1\u05e7\u05d9\u05d5\u05dd \u05d4\u05d9\u05d4\u05d5\u05d3\u05d9 \u05db\u05d1\u05d7\u05d9\u05d3\u05d4 1. \u05d4\u05e1\u05d9\u05d1\u05d5\u05ea \u05dc\u05d0\u05d9-\u05d4\u05db\u05e8\u05ea\u05d4 \u05e0\u05de\u05e6\u05d0\u05d5\u05ea \u05d1\u05de\u05d9\u05e9\u05d5\u05e8 \u05d4\u05e4\u05e1\u05d9\u05db\u05d5\u05dc\u05d5\u05d2\u05d9, \u05d1\u05d0\u05d5\u05e8\u05d7 \u05e9\u05d1\u05d5 \u05e0\u05d9\u05d2\u05e9\u05ea \u05d4\u05de\u05d7\u05e9\u05d1\u05d4 \u05d4\u05de\u05e2\u05e8\u05d1\u05d9\u05ea \u05dc\u05e7\u05d9\u05d5\u05dd \u05d4\u05d9\u05d4\u05d5\u05d3\u05d9 2. \u05d4\u05e7\u05d9\u05d5\u05dd \u05d4\u05d9\u05d4\u05d5\u05d3\u05d9 \u05d4\u05d2\u05dc\u05d5\u05ea\u05d9 \u05e0\u05d5\u05e9\u05d0 \u05d1\u05d7\u05d5\u05d1\u05d5 \u05de\u05e9\u05de\u05e2\u05d5\u05ea \u05dc\u05d2\u05d1\u05d9 \u05d4\u05de\u05d7\u05e9\u05d1\u05d4 \u05d4\u05de\u05e2\u05e8\u05d1\u05d9\u05ea. \u05d4\u05d9\u05d4\u05d5\u05d3\u05d9 \u05d4\u05de\u05ea\u05e2\u05dc\u05dd \u05de\u05d4\u05de\u05d7\u05e9\u05d1\u05d4 \u05d4\u05d9\u05d4\u05d5\u05d3\u05d9\u05ea, \u05d5\u05d0\u05d9\u05e9-\u05d4\u05de\u05e2\u05e8\u05d1 \u05e9\u05d0\u05d9\u05e0\u05d5 \u05de\u05db\u05d9\u05e8 \u05de\u05d7\u05e9\u05d1\u05d4 \u05d6\u05d5, \u05e0\u05ea\u05e7\u05dc\u05d9\u05dd \u05d1\u05e0\u05d5\u05e9\u05d0\u05d9\u05d4 \u05e9\u05dc \u05de\u05d7\u05e9\u05d1\u05d4 \u05d6\u05d5, \u05d1\u05d0\u05d5\u05e8\u05d7 \u05de\u05e2\u05d5\u05e8\u05e4\u05dc, \u05d1\u05ea\u05d7\u05d5\u05dd \u05d4\u05d7\u05d5\u05d5\u05d9\u05d4, \u05d5\u05d4\u05de\u05d7\u05e9\u05d1\u05d4 \u05d4\u05d9\u05d4\u05d5\u05d3\u05d9\u05ea \u05e9\u05d4\u05dd \u05de\u05d2\u05dc\u05d9\u05dd \u05d1\u05d3\u05e8\u05da \u05d6\u05d5 \u05e2\u05e9\u05d5\u05d9\u05d4 \u05dc\u05e1\u05e4\u05e7 \u05ea\u05e9\u05d5\u05d1\u05d5\u05ea \u05dc\u05e9\u05d0\u05dc\u05d5\u05ea \u05e9\u05de\u05e2\u05d5\u05e8\u05e8 \u05d4\u05e7\u05d9\u05d5\u05dd \u05d4\u05d9\u05d4\u05d5\u05d3\u05d9 3. \u05d4\u05e0\u05d5\u05e9\u05d0\u05d9\u05dd \u05d4\u05e0\u05d9\u05d3\u05d5\u05e0\u05d9\u05dd \u05d1\u05de\u05e1\u05d5\u05e8\u05ea. \u05d4\u05e6\u05d5\u05e8\u05d5\u05ea \u05d4\u05e9\u05d5\u05e0\u05d5\u05ea \u05e9\u05dc \u05d4\u05d2\u05dc\u05d5\u05ea \u05d5\u05d4\u05ea\u05d9\u05e7\u05d5\u05df. \u05db\u05d5\u05d7\u05d4 \u05d4\u05de\u05ea\u05e7\u05df \u05e9\u05dc \u05d4\u05de\u05d7\u05e9\u05d1\u05d4 \u05d4\u05d9\u05d4\u05d5\u05d3\u05d9\u05ea \u05d1\u05e9\u05d1\u05d9\u05dc \u05d4\u05de\u05d7\u05e9\u05d1\u05d4 \u05d4\u05de\u05e2\u05e8\u05d1\u05d9\u05ea \u05d4\u05e0\u05de\u05e6\u05d0\u05ea \u05d1\u05d4\u05ea\u05e0\u05db\u05e8\u05d5\u05ea \u05dc\u05d2\u05d1\u05d9 \u05e1\u05d8\u05d9\u05d5\u05ea \u05de\u05e1\u05d5\u05d9\u05d9\u05de\u05d5\u05ea 4. \u05d9\u05e9\u05e8\u05d0\u05dc \u05d1\u05ea\u05d5\u05da \u05e0\u05d5\u05e9\u05d0\u05d9\u05dd \u05d0\u05dc\u05d5: \u05d4\u05e7\u05d9\u05d5\u05dd \u05d4\u05d2\u05dc\u05d5\u05ea\u05d9 \u05d5\u05d4\u05e9\u05d9\u05d1\u05d4 \u05de\u05df \u05d4\u05d2\u05dc\u05d5\u05ea. \u05e1\u05db\u05e0\u05d5\u05ea \u05d0\u05d9-\u05d4\u05d4\u05db\u05e8\u05d4 \u05d1\u05de\u05d9\u05e9\u05d5\u05e8 \u05d6\u05d4 \u05e9\u05dc \u05d4\u05e7\u05d9\u05d5\u05dd \u05d4\u05d9\u05d4\u05d5\u05d3\u05d9 \u05d5\u05d4\u05de\u05d7\u05e9\u05d1\u05d4 \u05d4\u05de\u05e2\u05e8\u05d1\u05d9\u05ea \u05e2\u05dc \u05d9\u05d3\u05d9 \u05e9\u05e0\u05d9 \u05d4\u05e6\u05d3\u05d3\u05d9\u05dd. \u05e1\u05d9\u05db\u05d5\u05dd: \u05d4\u05d9\u05e9 \u05e9\u05dc\u05d9\u05d7\u05d5\u05ea \u05dc\u05d9\u05e9\u05e8\u05d0\u05dc? \u05de\u05e2\u05d1\u05e8 \u05dc\u05de\u05d5\u05d1\u05df \u05d4\u05d3\u05ea\u05d9 \u05d0\u05d5 \u05dc\u05d0\u05d5\u05e4\u05d9 \u05d4\u05de\u05d5\u05d7\u05e9\u05d9 \u05e9\u05dc \u05d4\u05e7\u05d9\u05d5\u05dd \u05d4\u05d9\u05d4\u05d5\u05d3\u05d9 \u05dc\u05d0\u05d5\u05e8\u05da \u05d4\u05d4\u05d9\u05e1\u05d8\u05d5\u05e8\u05d9\u05d4, \u05de\u05e1\u05ea\u05de\u05e0\u05ea \u05de\u05e9\u05de\u05e2\u05d5\u05ea \u05d0\u05e9\u05e8 \u05e2\u05dc \u05db\u05dc \u05d9\u05d4\u05d5\u05d3\u05d9 \u05dc\u05e7\u05d1\u05dc\u05d4 \u05d5\u05dc\u05d4\u05d1\u05d9\u05d0 \u05dc\u05d9\u05d3\u05d9 \u05d1\u05d9\u05e6\u05d5\u05e2\u05d4 \u05d1\u05d3\u05d5-\u05e9\u05d9\u05d7 \u05e9\u05dc\u05d5 \u05e2\u05dd \u05d0\u05d5\u05de\u05d5\u05ea-\u05d4\u05e2\u05d5\u05dc\u05dd. Meir Shalev, journaliste, \u00e9crivain, auteur de nombreux romans, essais et livres pour la jeunesse, est lun des auteurs les plus lus en Isra\u00ebl. Il parlera de son \u0153uvre et de son dernier livre Ma grand-m\u00e8re russe et son aspirateur am\u00e9ricain Gallimard 2013 avec Mich\u00e8le Tauber, Ma\u00eetre de conf\u00e9rences en langue et litt\u00e9rature h\u00e9bra\u00efques. Interpr\u00e8te : Michel Zlotowski <img decoding=\"async\" src=\"http:\/\/www.icamge.ch\/wp-content\/uploads\/2016\/05\/nabil-laouar-223x300.png\" alt=\"rencontres livres des mondes juifs et diasporas en dialogue\" align=\"right\"> Billetterie sur place ou FNAC :12, tarif r\u00e9duit 6 assoc.jecj.lorrainegmail.com Parmi les plus \u00e9minents des vizirs juifs des Taifas musulmans, il faut citer 993-1060, dit Samuel ha-Naguid. N\u00e9 \u00e0 Cordoue, il vit \u00e0 Grenade et y re\u00e7oit une solide formation h\u00e9bra\u00efque et talmudique, ainsi que math\u00e9matiques et philosophique. Il parle plusieurs langues, poss\u00e8de parfaitement larabe et a un beau talent de. Il est nomm\u00e9 du roi 1019-1038 puis de son fils 1038-1073 dont il appuie les pr\u00e9tentions au tr\u00f4ne. En signe de gratitude, Badis donne \u00e0 son vizir le plein contr\u00f4le de son royaume, que Samuel gouverne avec sagesse pendant plus de trente ans, menant de victorieuses campagnes contre le royaume de et ses alli\u00e9s, ou usant de son habilet\u00e9 diplomatique pour promouvoir ses int\u00e9r\u00eats. Samuel apporte une telle prosp\u00e9rit\u00e9 aux Juifs de Grenade quils lui conf\u00e8rent le titre de Naguid ou Prince. Po\u00e8te dou\u00e9, Samuel ha-Naguid compose des po\u00e8mes sur la guerre, lamour et lamiti\u00e9. Il fait aussi l\u00e9loge du vin, et chante les plaisirs ou les chagrins. Sa po\u00e9sie a souvent des accents m\u00e9lancoliques, notamment dans ses \u00e9l\u00e9gies qui pleurent la mort dun ami ou les souffrances du peuple juif exil\u00e9 et sa nostalgie de Sion. Son introduction au Talmud est la norme aujourdhui. Son fils est \u00e9galement vizir. Il est assassin\u00e9 lors du massacre de Grenade de 1066 avec environ 4 000 autres Juifs. Tradition suivie en \u00c9gypte, se d\u00e9roulant dans les synagogues la nuit de Roch Hodech Nissan. Voir le site de lHistorical Society of Jews from Egypt Http:www.hsje.orgSeder20El20Tawhid.html lien valide en avril 2015. Textes, po\u00e8mes et chansons Du Roi David \u00e0 Naomi Shemer.. Association pour lenseignement du Juda\u00efsme comme culture, Paris, f\u00e9vrier 2015. Abraham entre Loi de Mo\u00efse et philosophie : enjeux et difficult\u00e9s de lex\u00e9g\u00e8se de Philon dAlexandrie.<\/p>\n","protected":false},"excerpt":{"rendered":"<p>rencontres livres des mondes juifs et diasporas en dialogue<\/p>\n","protected":false},"author":1,"featured_media":0,"comment_status":"closed","ping_status":"closed","sticky":false,"template":"","format":"standard","meta":{"footnotes":""},"categories":[1],"tags":[],"_links":{"self":[{"href":"http:\/\/intranet.asbl.ca\/blog\/wp-json\/wp\/v2\/posts\/4687"}],"collection":[{"href":"http:\/\/intranet.asbl.ca\/blog\/wp-json\/wp\/v2\/posts"}],"about":[{"href":"http:\/\/intranet.asbl.ca\/blog\/wp-json\/wp\/v2\/types\/post"}],"author":[{"embeddable":true,"href":"http:\/\/intranet.asbl.ca\/blog\/wp-json\/wp\/v2\/users\/1"}],"replies":[{"embeddable":true,"href":"http:\/\/intranet.asbl.ca\/blog\/wp-json\/wp\/v2\/comments?post=4687"}],"version-history":[{"count":1,"href":"http:\/\/intranet.asbl.ca\/blog\/wp-json\/wp\/v2\/posts\/4687\/revisions"}],"predecessor-version":[{"id":4688,"href":"http:\/\/intranet.asbl.ca\/blog\/wp-json\/wp\/v2\/posts\/4687\/revisions\/4688"}],"wp:attachment":[{"href":"http:\/\/intranet.asbl.ca\/blog\/wp-json\/wp\/v2\/media?parent=4687"}],"wp:term":[{"taxonomy":"category","embeddable":true,"href":"http:\/\/intranet.asbl.ca\/blog\/wp-json\/wp\/v2\/categories?post=4687"},{"taxonomy":"post_tag","embeddable":true,"href":"http:\/\/intranet.asbl.ca\/blog\/wp-json\/wp\/v2\/tags?post=4687"}],"curies":[{"name":"wp","href":"https:\/\/api.w.org\/{rel}","templated":true}]}}