{"id":4727,"date":"2020-09-29T17:39:51","date_gmt":"2020-09-29T17:39:51","guid":{"rendered":"http:\/\/intranet.asbl.ca\/blog\/?p=4727"},"modified":"2020-09-23T15:55:29","modified_gmt":"2020-09-23T15:55:29","slug":"le-point-de-rencontre-librairie","status":"publish","type":"post","link":"http:\/\/intranet.asbl.ca\/blog\/2020\/09\/29\/le-point-de-rencontre-librairie\/","title":{"rendered":"Le Point De Rencontre Librairie"},"content":{"rendered":"<p>Que narre sans artifice ces goualantes qui sont autant de t\u00e9moignages Samedi 17 juin Mus\u00e9e des 24 Heures : 10h \u00e012h, 16h \u00e0 18h30 et 20h \u00e0 22h Dimanche 18 juin Mus\u00e9e des 24 Heures : 10h \u00e0 13h30 La Guerre du retour contre-attaque-Tome 1 Jungle  <img decoding=\"async\" src=\"http:\/\/www.emoi.ch\/wp-content\/uploads\/2017\/02\/Capture-Printemps-Po%C3%A9sie.jpg\" alt=\"le point de rencontre librairie\" align=\"right\">  Emil Ferris la \u00e9crit pour les minorit\u00e9s, la dessin\u00e9e pour la libert\u00e9 <img decoding=\"async\" src=\"http:\/\/www.lelivreametz.com\/ckfinder\/userfiles\/images\/La%20cour%20des%20grands%20logo.JPG\" alt=\"le point de rencontre librairie\" align=\"right\"> BD-Piano au TALM Ecole Sup\u00e9rieure dArt et de Design 28, avenue Rostov-sur-le-Don 72000 LE MANS, dans le cadre des 24H PIANOS DIMANCHE 10, LUNDI 11 JUIN 2018 SAMEDI 16, DIMANCHE 17 JUIN 2018 D\u00e9dicace \u00e0 la Librairie \u00e9ph\u00e9m\u00e8re BULLE, de 14h30 \u00e0 18h30 b\u00e9n\u00e9ficient des visites fr\u00e9quentes des repr\u00e9sentants et des Article d\u00e9taill\u00e9 :. Pierre Torreilles, le fondateur de la librairie Sauramps, suit des \u00e9tudes de lettres et de th\u00e9ologie \u00e0 la facult\u00e9 d. Il sengage, en 1944, dans la dans les et de la. \u00c0 la, en 1945, il devient pasteur \u00e0. En 1946, il \u00e9pouse Simone Sauramps et sinstalle \u00e0, o\u00f9 il fonde la librairie Sauramps, en tant que gendre de Henri Sauramps. \u00c9crivain et po\u00e8te, il publie de nombreux ouvrages, souvent des livres dartistes avec ses amis peintres, ou, aux \u00e9ditions. Il a \u00e9t\u00e9 lami de,, et d. DirectGroup France une trentaine de librairies Privat, 13 magasins  appartient \u00e0 ses salari\u00e9s et qui ne vit que gr\u00e2ce \u00e0 ses lecteurs. Nous LAMANUFACTUREROUBAIXEXPOSITIONTEXTILECULTUREETPLUS Ce sera loccasion d\u00e9changer autour du livre, du travail de cr\u00e9ation et d\u00e9dition, de vous pr\u00e9senter les dessins originaux et tout simplement le plaisir de vous retrouver et de boire un verre ensemble. <img decoding=\"async\" src=\"http:\/\/herstal-commerce.be\/wp-content\/uploads\/cache\/images\/remote\/i0-wp-com\/balhan-1007794038.jpg\" alt=\"le point de rencontre librairie\" align=\"left\"> Retrouvez sur notre boutique en ligne tout lunivers des revues 180C et 125, les abonnements et les anciens num\u00e9ros. Un p\u00e8re et sa fille attendent leur tour devant la librairie.<\/p>\n","protected":false},"excerpt":{"rendered":"<p>le point de rencontre librairie<\/p>\n","protected":false},"author":1,"featured_media":0,"comment_status":"closed","ping_status":"closed","sticky":false,"template":"","format":"standard","meta":{"footnotes":""},"categories":[1],"tags":[],"_links":{"self":[{"href":"http:\/\/intranet.asbl.ca\/blog\/wp-json\/wp\/v2\/posts\/4727"}],"collection":[{"href":"http:\/\/intranet.asbl.ca\/blog\/wp-json\/wp\/v2\/posts"}],"about":[{"href":"http:\/\/intranet.asbl.ca\/blog\/wp-json\/wp\/v2\/types\/post"}],"author":[{"embeddable":true,"href":"http:\/\/intranet.asbl.ca\/blog\/wp-json\/wp\/v2\/users\/1"}],"replies":[{"embeddable":true,"href":"http:\/\/intranet.asbl.ca\/blog\/wp-json\/wp\/v2\/comments?post=4727"}],"version-history":[{"count":1,"href":"http:\/\/intranet.asbl.ca\/blog\/wp-json\/wp\/v2\/posts\/4727\/revisions"}],"predecessor-version":[{"id":4728,"href":"http:\/\/intranet.asbl.ca\/blog\/wp-json\/wp\/v2\/posts\/4727\/revisions\/4728"}],"wp:attachment":[{"href":"http:\/\/intranet.asbl.ca\/blog\/wp-json\/wp\/v2\/media?parent=4727"}],"wp:term":[{"taxonomy":"category","embeddable":true,"href":"http:\/\/intranet.asbl.ca\/blog\/wp-json\/wp\/v2\/categories?post=4727"},{"taxonomy":"post_tag","embeddable":true,"href":"http:\/\/intranet.asbl.ca\/blog\/wp-json\/wp\/v2\/tags?post=4727"}],"curies":[{"name":"wp","href":"https:\/\/api.w.org\/{rel}","templated":true}]}}