{"id":4741,"date":"2020-09-29T20:51:49","date_gmt":"2020-09-29T20:51:49","guid":{"rendered":"http:\/\/intranet.asbl.ca\/blog\/?p=4741"},"modified":"2020-09-23T16:16:23","modified_gmt":"2020-09-23T16:16:23","slug":"rencontres-arles-voies-off","status":"publish","type":"post","link":"http:\/\/intranet.asbl.ca\/blog\/2020\/09\/29\/rencontres-arles-voies-off\/","title":{"rendered":"Rencontres Arles Voies Off"},"content":{"rendered":"<p> Cette image est aussi la couverture du livre. Regardant ce clich\u00e9 format paysage semblant tout droit sorti dun film en cin\u00e9mascope, on se demande si la pratique artistique de R\u00e9my Marlot est si \u00e9loign\u00e9e de celle de Marlow d\u00e9tective peut-\u00eatre une image double, incarn\u00e9 \u00e0 l\u00e9cran par Humphrey Bogart et Robert Mitchum Ce nest pas une nuit am\u00e9ricaine proc\u00e9d\u00e9 cin\u00e9matographique donnant lillusion de la nuit, mais une sc\u00e8ne nocturne, qui a lieu en Suisse. Bo\u00eetier moyen format, \u00e9mulsion vivid color, poses longues. Les couleurs sont brillantes. Elles luisent. Car R\u00e9my Marlot inverse les positions : ici, cest une \u00e9mulsion lumi\u00e8re du jour pos\u00e9e la nuit qui produit cette atmosph\u00e8re irr\u00e9elle o\u00f9, plus quun rayon vert, cest un \u00e9clairage infravert fantastique qui enveloppe ces lieux p\u00e9riurbains. Sans titre 2002 pourrait alors sappeler 100 titres. D\u00e9crire cette seule photographie ne permet pas de comprendre la d\u00e9marche de R\u00e9my Marlot. Ce serait comme d\u00e9crire au dos dune carte postale ce quelle repr\u00e9sente visuellement plut\u00f4t que dy inscrire le message quelle est cens\u00e9e v\u00e9hiculer. Le photographe a beau figer des objets, des architectures, des statues, des lieux, il produit, chaque fois, des images vivantes. Comment les voir? La lumi\u00e8re dans laquelle elles sont expos\u00e9es, elle-m\u00eame, les transforme. Leurs conditions de production les r\u00e9v\u00e8lent sous un nouveau jour. VERT  Notre \u00e9quipe sest pli\u00e9e en quatre pour le grand gagnant! Expos\u00e9e \u00e0 Arles en galerie o\u00f9 son travail \u00e0 remport\u00e9 un grand succ\u00e8s aupr\u00e8s du public, sa s\u00e9rie photographique a ensuite \u00e9t\u00e9 valoris\u00e9e par nos partenaires : \u00e0 la une du magazine Openeye, le regard daujourdhui sur la photographie, puis relay\u00e9e \u00e0 la TV dans une \u00e9mission culturelle, et au sein dun quotidien r\u00e9gional. <img decoding=\"async\" src=\"http:\/\/culture360.asef.org\/wp-content\/blogs.dir\/1\/files\/2014\/11\/eyesonasia.png\" alt=\"rencontres arles voies off\" align=\"left\"> \u05d0\u05e0\u05d5 \u05de\u05e9\u05ea\u05de\u05e9\u05d9\u05dd \u05d1\u05e2\u05d5\u05d2\u05d9\u05d5\u05ea \u05db\u05d3\u05d9 \u05dc\u05d4\u05d1\u05d8\u05d9\u05d7 \u05d0\u05ea \u05d4\u05d7\u05d5\u05d5\u05d9\u05d4 \u05d4\u05d8\u05d5\u05d1\u05d4 \u05d1\u05d9\u05d5\u05ea\u05e8 \u05d1\u05d0\u05ea\u05e8\u05e0\u05d5. \u05d0\u05dd \u05ea\u05de\u05e9\u05d9\u05da \u05dc\u05d4\u05e9\u05ea\u05de\u05e9 \u05d1\u05d0\u05ea\u05e8, \u05e0\u05e9\u05e7\u05d5\u05dc \u05e9\u05d0\u05ea\u05d4 \u05de\u05e7\u05d1\u05dc \u05d0\u05ea \u05d4\u05e9\u05d9\u05de\u05d5\u05e9 \u05d1\u05e2\u05d5\u05d2\u05d9\u05d5\u05ea Lactu du Parisien Etudiant, examens, bons plans, soir\u00e9es, orientation..  Voies Off est h\u00e9berg\u00e9 par son partenaire LensCulture, lune des principales plateformes de photographie contemporaine. Les photographes sont invit\u00e9s \u00e0 se connecter ou \u00e0 cr\u00e9er un compte LensCulture, afin de soumettre leur travail au jury pour le Prix Voies Off. Depuis 6 ans, une exposition du Festival Voies off se d\u00e9place dans le quartier de Griffeuille \u00e0 Arles. Loccasion pour les habitants de ce quartier prioritaire de la politique de la ville de prendre part, \u00e0 domicile, \u00e0 la grande f\u00eate de limage qui fait la r\u00e9putation dArles. VOIES-OFF LAUTRE RENDEZ-VOUS DE LA PHOTOGRAPHIE EN ARLES FAIT APPEL AUX HABITANTS POUR LEDITION 2017 DU FESTIVAL S ebastiao Salgado, cest 40 ans de photographie humaniste! Br\u00e9silien dorigine, mondialement connu, il a photographi\u00e9 lhumanit\u00e9 en mutation, t\u00e9moignant des \u00e9v\u00e8nements de notre histoire r\u00e9cente. Lexposition concerne ses d\u00e9buts, de 1977 \u00e0 1984, \u00e9poque o\u00f9 il parcourt les villages recul\u00e9s dAm\u00e9rique latine, \u00e0 la rencontre des cultures indiennes en voie de disparition. Le sculpteur Minh Ch\u00e2u, Artiste Art-Trope, participera \u00e0 la foire Art Capital dans la nef du Grand Antoine de Galbert, fondateur de la maison rouge \u00e0 Paris, collectionne depuis une trentaine dann\u00e9es. Bien quil ne se consid\u00e8re pas collectionneur de photographies, un grand nombre dimages sont venues enrichir sa collection au fil du temps. Lexposition pr\u00e9sente une s\u00e9lection de plus dune centaine de portraits de sa collection, surtout des photographies, mais parfois aussi des dessins, des peintures, des sculptures et des vid\u00e9os. Le 1er juillet 2019 souvrira le 24e festival des Voies Off de Arles. Les inscriptions pour le Prix Voies Off 2018 sont toujours ouvertes! Participez au 23\u00e8me appel \u00e0 candidatures pour le Prix Voies Off et offrez une visibilit\u00e9 internationale \u00e0 vos photos! Ce jeudi 11 juin en matin\u00e9e, boulevard des Alb\u00e8res, \u00e0 Argel\u00e8s-plage en plein dans le poteau! Promenons-nous dans les pr\u00e8s mais de pr\u00e9f\u00e9rence \u00e0 pied! Face au camping de Pujol, sur lune des routes secondaires qui relie le village \u00e0 la plage. Fort heureusement, il ny a pas eu de bless\u00e9. Les v\u00e9hicules.. <img decoding=\"async\" src=\"http:\/\/voies-off.com\/images\/stories\/ambiance\/Slider_Festival_Voies_Off.gif\" alt=\"rencontres arles voies off\" align=\"right\"> <img decoding=\"async\" src=\"http:\/\/www.kirilove.com\/img\/voies-off_arles_7.jpg\" alt=\"rencontres arles voies off\" align=\"left\"> Dici \u00e0 un an, les gendarmes de Salin-de-Giraud Bouches-du-Rh\u00f4ne b\u00e9n\u00e9ficieront de locaux flambant neufs Un futur auquel la Sem du Groupe Sampa prend une large part, dans le cadre dune op\u00e9ration tripartite originale qui assure au village le maintien dun service public essentiel \u00e0 la vie locale. Dinvestir un lieu commun comme on sinstalle dans une Cet \u00e9t\u00e9, les visions 360 sexposeront \u00e0 Arles pendant les rencontres photographiques et dans le cadre des Voies-off. Cet \u00e9v\u00e9nement a \u00e9t\u00e9 rendu possible gr\u00e2ce au collectif du H\u00e9risson, une association g\u00e9r\u00e9e par des passionn\u00e9s qui a pour objectif de valoriser lart photographique. Les visions 360 sexposent \u00e0 Arles Festival Voies Off 2019 Cour De LArchev\u00each\u00e9-Arles-Galerie Voies Off.<\/p>\n","protected":false},"excerpt":{"rendered":"<p>rencontres arles voies off<\/p>\n","protected":false},"author":1,"featured_media":0,"comment_status":"closed","ping_status":"closed","sticky":false,"template":"","format":"standard","meta":{"footnotes":""},"categories":[1],"tags":[],"_links":{"self":[{"href":"http:\/\/intranet.asbl.ca\/blog\/wp-json\/wp\/v2\/posts\/4741"}],"collection":[{"href":"http:\/\/intranet.asbl.ca\/blog\/wp-json\/wp\/v2\/posts"}],"about":[{"href":"http:\/\/intranet.asbl.ca\/blog\/wp-json\/wp\/v2\/types\/post"}],"author":[{"embeddable":true,"href":"http:\/\/intranet.asbl.ca\/blog\/wp-json\/wp\/v2\/users\/1"}],"replies":[{"embeddable":true,"href":"http:\/\/intranet.asbl.ca\/blog\/wp-json\/wp\/v2\/comments?post=4741"}],"version-history":[{"count":1,"href":"http:\/\/intranet.asbl.ca\/blog\/wp-json\/wp\/v2\/posts\/4741\/revisions"}],"predecessor-version":[{"id":4742,"href":"http:\/\/intranet.asbl.ca\/blog\/wp-json\/wp\/v2\/posts\/4741\/revisions\/4742"}],"wp:attachment":[{"href":"http:\/\/intranet.asbl.ca\/blog\/wp-json\/wp\/v2\/media?parent=4741"}],"wp:term":[{"taxonomy":"category","embeddable":true,"href":"http:\/\/intranet.asbl.ca\/blog\/wp-json\/wp\/v2\/categories?post=4741"},{"taxonomy":"post_tag","embeddable":true,"href":"http:\/\/intranet.asbl.ca\/blog\/wp-json\/wp\/v2\/tags?post=4741"}],"curies":[{"name":"wp","href":"https:\/\/api.w.org\/{rel}","templated":true}]}}