{"id":4795,"date":"2020-09-29T22:46:16","date_gmt":"2020-09-29T22:46:16","guid":{"rendered":"http:\/\/intranet.asbl.ca\/blog\/?p=4795"},"modified":"2020-09-23T17:59:54","modified_gmt":"2020-09-23T17:59:54","slug":"rencontre-la-turballe","status":"publish","type":"post","link":"http:\/\/intranet.asbl.ca\/blog\/2020\/09\/29\/rencontre-la-turballe\/","title":{"rendered":"Rencontre La Turballe"},"content":{"rendered":"<p>1 100 offerts 2 semaines : valable pour une r\u00e9servation du 0906 au 160620 hors frais de dossier, pour des s\u00e9jours entre le 0407 et le 300820 sur une s\u00e9lection dh\u00e9bergements et de dates darriv\u00e9es. Offre non r\u00e9troactive, sur un site du minist\u00e8re du D\u00e9veloppement durable et de l\u00c9nergie consult\u00e9 le 21 juillet 2016. Comite de vigilance? admettons, pour faire quoi? aucune l\u00e9gitimit\u00e9, au bout de 6 mois maxi plus personne, pour cela il existe depuis toujours lopposition il y aura bien quelques \u00e9lus dune autre liste qui sauront intervenir encas de besoin cest leur travail Cet avis est lopinion subjective dun membre de TripAdvisor et non de TripAdvisor LLC. <img decoding=\"async\" src=\"http:\/\/www.mdowers.cf\/uploads\/images\/thumbs\/201828\/95\/vf_michel_drucker_main_6523.jpeg_north_804x437_white.jpg\" alt=\"rencontre la turballe\" align=\"center\"> En poursuivant votre navigation sur ce site, vous acceptez lutilisation de Cookies pour r\u00e9aliser des statistiques de visites et vous proposer une meilleure exp\u00e9rience utilisateur. Je recherche une complicit\u00e9, des moments agr\u00e9ables autour dactivit\u00e9s partag\u00e9es, des instants de vie p\u00e9tillants, en confiance, dans le respect et lintelligence. Je suis cheval, nature, mais aussi culture. Je suis simple et franche. Les villes les plus populaires pour faire des rencontres gratuites dans la r\u00e9gion La commune d\u00e9l\u00e8gue \u00e0 la communaut\u00e9 dagglom\u00e9ration de la Presqu\u00eele de Gu\u00e9rande Atlantique la gestion et la collecte des eaux potables et pluviales et lassainissement des eaux us\u00e9es. Depuis 2016, a confi\u00e9 \u00e0, la gestion des stations d\u00e9purations et de lensemble des \u00e9quipements du r\u00e9seau deaux us\u00e9es, ainsi que la collecte, le transport et le traitement des eaux us\u00e9es. Pour le traitement des eaux us\u00e9es, Gu\u00e9rande rel\u00e8ve de la station d\u00e9puration de Livery, village de la commune, inaugur\u00e9e en septembre 2008. La Philharmonie des 2 mondes vous emm\u00e8ne \u00e0 la rencontre de compositeurs qui ont puis\u00e9 dans leurs racines pour lib\u00e9rer leurs \u00e9nergies cr\u00e9atrices dans un \u00e9quilibre parfait. Bart\u00f3k recueille les airs folkloriques pour les transcrire dans son esth\u00e9tique. Mendelssohn t\u00e9moigne des chefs d\u0153uvre du pass\u00e9 et, en sen inspirant, simpose comme un compositeur majeur de l\u00e8re romantique. Avant de devenir le cr\u00e9ateur de lop\u00e9ra-bouffe, Offenbach \u00e9crit un concerto pour violoncelle particuli\u00e8rement virtuose que S\u00e9bastien Hurtaud interpr\u00e8te avec puissance et vitalit\u00e9. Ce sont des \u0153uvres de jeunesse que nous vous proposons dexplorer et de d\u00e9dier aux enfants de la Philharmonie des quartiers. Gu\u00e9rande r\u00e8gne, au milieu du XVIII e si\u00e8cle, sur un pays appauvri, o\u00f9 la mis\u00e8re des p\u00eacheurs de sardine c\u00f4toie celle des tisserands et des paysans. Seules les fonctions administratives et militaires et la gestion des domaines fonciers lui gardent un peu de lustre, lui conservant son r\u00f4le de capitale administrative. PRETPRO intervient sur tous les besoins en financement : Cr\u00e9ation ou reprise dun magasin Achat ou construction des murs D\u00e9veloppement Travaux Changement du mobilier, Cest un Maroc insolite, loin des clich\u00e9s touristiques qui sera la destination du prochain voyage de Poursuivre. Les parents de l\u00e9cole hors contrat et alternative Le Carr\u00e9 Libre, \u00e0 Quimper Finist\u00e8re, ont d\u00e9pos\u00e9, en janvier 2020, une requ\u00eate au Conseil d\u00c9tat. Ils contestent la d\u00e9cision du tribunal administratif de Rennes. Mardi 7 janvier, celui-ci a autoris\u00e9 la fr\u00e9quentation de l\u00e9cole pour les enfants.. Claire Garnier. Sur la route de Parkinson-Albin Michel, 2019 Bonjour, Nous regrettons les d\u00e9sagr\u00e9ments que vous avez rencontr\u00e9s concernant la situation de votre logement. Nous vous pr\u00e9cisons toutefois que les h\u00e9bergements sont attribu\u00e9s en fonction du type de location r\u00e9serv\u00e9e. Les terrains de jeux sont bord\u00e9s de haies mais nous sommes navr\u00e9s si vous avez \u00e9t\u00e9 d\u00e9rang\u00e9s par les jeunes. Nous d\u00e9plorons tout comme vous cette situation et avons pris note de vos remarques \u00e0 ce propos. Les enfants mineurs sont toutefois bien sous la responsabilit\u00e9 des parents. Vous avez signal\u00e9 votre m\u00e9contentement \u00e0 laccueil et pour y rem\u00e9dier, la directrice a pu vous proposer un changement de logement pour la deuxi\u00e8me semaine. Sur place ils font le maximum pour r\u00e9soudre le probl\u00e8me de nos vacanciers. Durant la p\u00e9riode estivale, il nest toutefois pas toujours \u00e9vident de trouver une solution imm\u00e9diate. Nous pr\u00e9cisons que nous navons pas eu dautre retour particulier sur ce logement. Bien cordialement, Linda Service Relation Vacanciers VVF Villages <img decoding=\"async\" src=\"http:\/\/www.more.wfcrimewatch.com\/upload\/podcasts\/photos\/first\/5b31dc4900a7c4.32905158_mini.JPG\" alt=\"rencontre la turballe\" align=\"center\"> Il nexiste rien de constant si ce nest le changement, il y a quatre pens\u00e9es illimit\u00e9es en r\u00e9alit\u00e9 : lamour la compr\u00e9hension la joie et l\u00e9galit\u00e9, je souhaiterais en \u00eatre au plus R\u00e9gion:  Sinc\u00e9rit\u00e9 et naturel femme c\u00e9libataire de 57 ans cherche homme pour rencontre s\u00e9rieuse  <img decoding=\"async\" src=\"http:\/\/www.presquilegazette.net\/medias\/images\/action-solidaire-soutien-a-bure-enfouissement-dechets-radioactifs-2.jpg\" alt=\"rencontre la turballe\" align=\"right\"> Cela nous a amen\u00e9 \u00e0 lancer des partenariats avec des associations soccupant de jeunes, le plus souvent anim\u00e9es par des Belges b\u00e9n\u00e9voles, de confession musulmane, offrant g\u00e9n\u00e9reusement leur temps libre pour, en compl\u00e9ment de l\u00e9cole et des familles, pallier les manques et rencontrer les besoins des enfants et adolescents des quartiers, en mati\u00e8re dextension sociale, culturelle et \u00e9conomique.  Le mus\u00e9e de la poup\u00e9e et du jouet ancien, situ\u00e9 dans lancien h\u00f4pital Saint-Jean, abrite une collection de pr\u00e8s de 300 poup\u00e9es, mettant en sc\u00e8ne la vie du XIX e si\u00e8cle. La Presqu\u00eele gu\u00e9randaise : 1 re partie, Penn-ar-Bed, n o 81, juin 1975.<\/p>\n","protected":false},"excerpt":{"rendered":"<p>rencontre la turballe<\/p>\n","protected":false},"author":1,"featured_media":0,"comment_status":"closed","ping_status":"closed","sticky":false,"template":"","format":"standard","meta":{"footnotes":""},"categories":[1],"tags":[],"_links":{"self":[{"href":"http:\/\/intranet.asbl.ca\/blog\/wp-json\/wp\/v2\/posts\/4795"}],"collection":[{"href":"http:\/\/intranet.asbl.ca\/blog\/wp-json\/wp\/v2\/posts"}],"about":[{"href":"http:\/\/intranet.asbl.ca\/blog\/wp-json\/wp\/v2\/types\/post"}],"author":[{"embeddable":true,"href":"http:\/\/intranet.asbl.ca\/blog\/wp-json\/wp\/v2\/users\/1"}],"replies":[{"embeddable":true,"href":"http:\/\/intranet.asbl.ca\/blog\/wp-json\/wp\/v2\/comments?post=4795"}],"version-history":[{"count":1,"href":"http:\/\/intranet.asbl.ca\/blog\/wp-json\/wp\/v2\/posts\/4795\/revisions"}],"predecessor-version":[{"id":4796,"href":"http:\/\/intranet.asbl.ca\/blog\/wp-json\/wp\/v2\/posts\/4795\/revisions\/4796"}],"wp:attachment":[{"href":"http:\/\/intranet.asbl.ca\/blog\/wp-json\/wp\/v2\/media?parent=4795"}],"wp:term":[{"taxonomy":"category","embeddable":true,"href":"http:\/\/intranet.asbl.ca\/blog\/wp-json\/wp\/v2\/categories?post=4795"},{"taxonomy":"post_tag","embeddable":true,"href":"http:\/\/intranet.asbl.ca\/blog\/wp-json\/wp\/v2\/tags?post=4795"}],"curies":[{"name":"wp","href":"https:\/\/api.w.org\/{rel}","templated":true}]}}