{"id":5227,"date":"2020-10-01T08:37:28","date_gmt":"2020-10-01T08:37:28","guid":{"rendered":"http:\/\/intranet.asbl.ca\/blog\/?p=5227"},"modified":"2020-09-24T10:38:17","modified_gmt":"2020-09-24T10:38:17","slug":"ogeret-rencontres","status":"publish","type":"post","link":"http:\/\/intranet.asbl.ca\/blog\/2020\/10\/01\/ogeret-rencontres\/","title":{"rendered":"Ogeret Rencontres"},"content":{"rendered":"<p>Colored Vogue Logo Label. Rencontres with Quotes Is On Label, Spine But Not Cover, Simply, Rencontres. Lexistence devrait \u00eatre une f\u00eate : joie d\u00e9crire, de chanter, de bouger J\u00e9cris. Tu chantes. Cest la m\u00eame chose. La vie mest plus pr\u00e9sente quand je tentends chanter. Cest donc que tu chantes bien pour moi, pour mes oreilles et pour mon c\u0153ur, comme pour les milliers de personnes \u00e0 qui, physiquement, tu apportes connaissance et plaisir. La Covid-19 nous a oblig\u00e9s \u00e0 faire passer nos vies avant l\u00e9conomie. Mais maintenant, retour \u00e0 la normale. Avec la pollution atmosph\u00e9rique qui tue vingt fois plus, l\u00e9conomie passe avant nos vies. Voici un petit retour sur la premi\u00e8re manif \u00e9colo en faveur du v\u00e9lo, le 22 avril 1972, organis\u00e9e par les Amis de la Terre et suivie par 25 000 doux dingues et le 2 carambar en bois du Japon d\u00e9dicac\u00e9 par Marc Ogeret revient \u00e0 Dino et \u00e0 moije moite-moite. Pour lam\u00e9liorer, ajoutez des r\u00e9f\u00e9rences ou le mod\u00e8le sur les passages n\u00e9cessitant une source. En hommage \u00e0 Marc Ogeret 1932-2018 Marc Ogeret chante demain Cet objet peut \u00eatre envoy\u00e9 vers le pays suivant : Br\u00e9sil, mais le vendeur na pas indiqu\u00e9 doption de livraison. Pour conna\u00eetre les modes de livraison disponibles vers votre destination. 1990 : Ogeret chante Jean Vasca, Le Petit V\u00e9hicule, 2003 pour le CD, EPM. Complainte de Pablo Neruda; disque La parole de lautre, Le Chant des artisans, 1992, R\u00e9f\u00e9rence : PES040 Prix TTC 94F 14,33 Euros Bonjour pour ench\u00e9rir ou pour acheter des objets Dabord, elle nest pas tout \u00e0 fait mon agent. Elle est plus r\u00e9gisseur quagent. Cest lamour de ma vie, cest ma femme, et puis voil\u00e0! Je ne vais pas te raconter ma vie! La libert\u00e9 des n\u00e8gres, texte de Pierre-Antoine-Augustin de Piis 1988 : Would you like to suggest this photo as the cover photo for this article? Elle est aussi dans la r\u00e9gie, elle est un peu ton agent, ton pense-b\u00eate, tout en \u00e9tant ta compagne. Tu peux nous en parler? Je ne vais pas te raconter ma vie! Oui, et il y en a beaucoup qui le savent, parmi mes amis communistes. Dans le cadre des luttes en cours, nous ferons de notre Assembl\u00e9e g\u00e9n\u00e9rale des Amies des Cahiers dhistoire le 24 janvier \u00e0 partir de 18H Espace Niemeyer place colonel Fabien un moment de rencontres autour de Lutter, \u00e7a passe aussi par lhistoire!  <img decoding=\"async\" src=\"http:\/\/www.puortaldovt.cf\/cache\/avatars\/212174_1461265811.png\" alt=\"ogeret rencontres\" align=\"right\"> Je perds pour ma part un proche, un camarade en histoire r\u00e9volutionnaire et en militantisme communiste dans le 13e arrondissement de Paris, un ami attentif, courageux, d\u00e9vou\u00e9 dans les moments, pas toujours faciles, de lourd travail au sein des Cahiers que nous avons travers\u00e9s ensemble. Marc c\u00e9tait vraiment Paroles ET Musiques. La Chanson quoi. Larticle na pas \u00e9t\u00e9 envoy\u00e9-V\u00e9rifiez vos adresses e-mail! <img decoding=\"async\" src=\"http:\/\/medias.psychologies.com\/storage\/images\/culture\/les-phrases-de-sagesse\/phrases-de-sagesse-souvenirs\/rien-n-est-plus-vivant-qu-un-souvenir\/2308538-1-fre-FR\/Rien-n-est-plus-vivant-qu-un-souvenir_imageWidth560.jpg\" alt=\"ogeret rencontres\" align=\"left\"> Saisissez les caract\u00e8res que vous voyez ci-dessous Les frais de livraison ne peuvent pas \u00eatre calcul\u00e9s. Saisissez un code postal valide. Uploaded by: current.info.uploadUser on current.info.uploadDate date:mediumDate <img decoding=\"async\" src=\"http:\/\/www.go-met.com\/wp-content\/uploads\/2016\/04\/IMG_4936.jpg\" alt=\"ogeret rencontres\" align=\"left\">  Cest aymer saynement dentreprendre \u00e0 blesser et offencer pour proffiter. .<\/p>\n","protected":false},"excerpt":{"rendered":"<p>ogeret rencontres<\/p>\n","protected":false},"author":1,"featured_media":0,"comment_status":"closed","ping_status":"closed","sticky":false,"template":"","format":"standard","meta":{"footnotes":""},"categories":[1],"tags":[],"_links":{"self":[{"href":"http:\/\/intranet.asbl.ca\/blog\/wp-json\/wp\/v2\/posts\/5227"}],"collection":[{"href":"http:\/\/intranet.asbl.ca\/blog\/wp-json\/wp\/v2\/posts"}],"about":[{"href":"http:\/\/intranet.asbl.ca\/blog\/wp-json\/wp\/v2\/types\/post"}],"author":[{"embeddable":true,"href":"http:\/\/intranet.asbl.ca\/blog\/wp-json\/wp\/v2\/users\/1"}],"replies":[{"embeddable":true,"href":"http:\/\/intranet.asbl.ca\/blog\/wp-json\/wp\/v2\/comments?post=5227"}],"version-history":[{"count":1,"href":"http:\/\/intranet.asbl.ca\/blog\/wp-json\/wp\/v2\/posts\/5227\/revisions"}],"predecessor-version":[{"id":5228,"href":"http:\/\/intranet.asbl.ca\/blog\/wp-json\/wp\/v2\/posts\/5227\/revisions\/5228"}],"wp:attachment":[{"href":"http:\/\/intranet.asbl.ca\/blog\/wp-json\/wp\/v2\/media?parent=5227"}],"wp:term":[{"taxonomy":"category","embeddable":true,"href":"http:\/\/intranet.asbl.ca\/blog\/wp-json\/wp\/v2\/categories?post=5227"},{"taxonomy":"post_tag","embeddable":true,"href":"http:\/\/intranet.asbl.ca\/blog\/wp-json\/wp\/v2\/tags?post=5227"}],"curies":[{"name":"wp","href":"https:\/\/api.w.org\/{rel}","templated":true}]}}