{"id":5237,"date":"2020-10-01T02:37:39","date_gmt":"2020-10-01T02:37:39","guid":{"rendered":"http:\/\/intranet.asbl.ca\/blog\/?p=5237"},"modified":"2020-09-24T10:51:06","modified_gmt":"2020-09-24T10:51:06","slug":"30eme-rencontre-des-musulmans-de-france-programme","status":"publish","type":"post","link":"http:\/\/intranet.asbl.ca\/blog\/2020\/10\/01\/30eme-rencontre-des-musulmans-de-france-programme\/","title":{"rendered":"30\u00e8me Rencontre Des Musulmans De France Programme"},"content":{"rendered":"<p>Une grande \u00e9cole de sciences sociales au coeur dune universit\u00e9 de rang mondial Cette ann\u00e9e 500 libraires ind\u00e9pendants, en France, Suisse, Belgique francophone et Luxembourg, se pr\u00e9parent et se rassemblent une fois de plus, forts de leurs diff\u00e9rences qui les unissent et de leurs parent\u00e9s. Bernard Bitu ignymontain pour son livre sur les voitures de la 4CV au sport prototype Auto-biographie, Quon vienne dInde ou dAfrique du Nord, quon soit ath\u00e9e ou musulman, universitaire ou artiste, le regard de lOccident fait souvent de vous un suspect. Une table ronde anim\u00e9e par lethnologue Pascal Dibie. Avec Tabish Khair et Karim Misk\u00e9. Dans la salle de conf\u00e9rences. <img decoding=\"async\" src=\"http:\/\/castleblayney.ie\/images\/Tractor-Run-Masonic-Lodge.jpg\" alt=\"30\u00e8me rencontre des musulmans de france programme\" align=\"center\"> Temps d\u00e9changes et de convivialit\u00e9. Animations pour les enfants. Pour une recherche, je mint\u00e9resse aux pratiques de rencontres chez les musulmans en France Eur\u00eakoi La foire de Beaucroissant attire plus de 100 000 visiteurs chaque ann\u00e9e. Mais jusquici tout va bien L\u00e9v\u00e8nement est toujours programm\u00e9 cette ann\u00e9e les 25 et 26 avril. Tout se pr\u00e9pare donc traditionnellement. M\u00eame si la mairie ne le cache pas, lombre dune annulation plane s\u00e9rieusement. <img decoding=\"async\" src=\"http:\/\/www.10design.co\/files\/img\/2016\/05\/Front_image_2_color.jpg\" alt=\"30\u00e8me rencontre des musulmans de france programme\" align=\"left\"> Mosqu\u00e9e Omar, 79, rue Jean-Pierre Timbaud, 75 005 PARIS Le r\u00e9sum\u00e9 de la semaineFrance 24 vous propose de revenir sur les actualit\u00e9s qui ont marqu\u00e9 la semaine <img decoding=\"async\" src=\"http:\/\/www.pageshalal.fr\/images\/rencontre_des_musulmans_d_evreux_mai_2015.jpg\" alt=\"30\u00e8me rencontre des musulmans de france programme\" align=\"left\"> Alors que dans de nombreux \u00e9tablissements et au rectorat les protocoles sanitaires locaux demeurent.. KIds Us Voisins organise dans la librairie lheure du conte en anglais.  O\u00f9 est ISS? Qui est dans lespace? Que fait le soleil? vc_column_textvc_columnvc_rowvc_rowvc_columnvc_column_text Aujourdhui a \u00e9t\u00e9 une grande journ\u00e9e daccueil bon d\u00e9but de rencontre! Cest une grande joie de nous.. Conf\u00e9rence parlementaire sur lEurope de la D\u00e9fense organis\u00e9e par Rivington sous la direction scientifique de lIRIS. Pr\u00e9sid\u00e9e par Jacques GAUTIER, S\u00e9nateur des Hauts-de-Seine, vice-pr\u00e9sident de la Commission des Affaires \u00e9trang\u00e8res, Elisabeth GUIGOU, D\u00e9put\u00e9e de la Seine-Saint-Denis, pr\u00e9sidente de la Commission des Affaires \u00e9trang\u00e8res et Gwendal ROUILLARD, D\u00e9put\u00e9 du Morbihan, secr\u00e9taire de la Commission de la D\u00e9fense nationale et des forces arm\u00e9es. En pr\u00e9sence de Laurent FABIUS, ministre des Affaires \u00e9trang\u00e8res et Jean-Yves LE DRIAN, ministre de la D\u00e9fense. Si la p\u00e9dagogie Montessori est reconnue depuis un si\u00e8cle dans le monde entier, elle est souvent associ\u00e9e \u00e0 un enseignement scolaire r\u00e9serv\u00e9 \u00e0 des privil\u00e9gi\u00e9s. Cet ouvrage d\u00e9montre au contraire luniversalit\u00e9 dune approche que tous les parents peuvent se r\u00e9approprier, chez eux, et sans aucun co\u00fbt financier.  26 septembre : La ran\u00e7on-Enqu\u00eate sur le business des otages Le dernier gardien dEllis Island, Ga\u00eblle Josse chez Jai Lu Vous aurez lopportunit\u00e9, comme chaque ann\u00e9e, dassister aux : 39 Walter Bruy\u00e8re-Ostells et Beno\u00eet Pouget : Les interventions militaires occidentales en Orient. Des guerres de civilisations vs des civilisations en guerre XIX\u00e8me-XXI\u00e8me .<\/p>\n","protected":false},"excerpt":{"rendered":"<p>30\u00e8me rencontre des musulmans de france programme<\/p>\n","protected":false},"author":1,"featured_media":0,"comment_status":"closed","ping_status":"closed","sticky":false,"template":"","format":"standard","meta":{"footnotes":""},"categories":[1],"tags":[],"_links":{"self":[{"href":"http:\/\/intranet.asbl.ca\/blog\/wp-json\/wp\/v2\/posts\/5237"}],"collection":[{"href":"http:\/\/intranet.asbl.ca\/blog\/wp-json\/wp\/v2\/posts"}],"about":[{"href":"http:\/\/intranet.asbl.ca\/blog\/wp-json\/wp\/v2\/types\/post"}],"author":[{"embeddable":true,"href":"http:\/\/intranet.asbl.ca\/blog\/wp-json\/wp\/v2\/users\/1"}],"replies":[{"embeddable":true,"href":"http:\/\/intranet.asbl.ca\/blog\/wp-json\/wp\/v2\/comments?post=5237"}],"version-history":[{"count":1,"href":"http:\/\/intranet.asbl.ca\/blog\/wp-json\/wp\/v2\/posts\/5237\/revisions"}],"predecessor-version":[{"id":5238,"href":"http:\/\/intranet.asbl.ca\/blog\/wp-json\/wp\/v2\/posts\/5237\/revisions\/5238"}],"wp:attachment":[{"href":"http:\/\/intranet.asbl.ca\/blog\/wp-json\/wp\/v2\/media?parent=5237"}],"wp:term":[{"taxonomy":"category","embeddable":true,"href":"http:\/\/intranet.asbl.ca\/blog\/wp-json\/wp\/v2\/categories?post=5237"},{"taxonomy":"post_tag","embeddable":true,"href":"http:\/\/intranet.asbl.ca\/blog\/wp-json\/wp\/v2\/tags?post=5237"}],"curies":[{"name":"wp","href":"https:\/\/api.w.org\/{rel}","templated":true}]}}