{"id":5307,"date":"2020-10-01T14:25:58","date_gmt":"2020-10-01T14:25:58","guid":{"rendered":"http:\/\/intranet.asbl.ca\/blog\/?p=5307"},"modified":"2020-09-24T12:44:29","modified_gmt":"2020-09-24T12:44:29","slug":"rencontre-jardins-gassin","status":"publish","type":"post","link":"http:\/\/intranet.asbl.ca\/blog\/2020\/10\/01\/rencontre-jardins-gassin\/","title":{"rendered":"Rencontre Jardins Gassin"},"content":{"rendered":"<p>\u00c9mouvante description de ce jardin et du quartier je me souviens aussi du magasin de friandises sur le boulevard Gambetta amiti\u00e9s Pour maintenir \u00e0 jour les informations sur le site nous avons besoin que chacun se sente concern\u00e9 et envoie ses remarques et corrections sur Cette adresse e-mail est prot\u00e9g\u00e9e contre les robots spammeurs. Vous devez activer le JavaScript pour la visualiser. En indiquant le n de la fiche et la partie de la fiche concern\u00e9e. Les kilom\u00e8tres de c\u00f4tes, au nord-est dans le golfe de Saint-Tropez et au sud-ouest entre Cavalaire et le cap Lardier n\u00e9cessitent une surveillance, directeur des fortifications de Provence, note dans un m\u00e9moire que la c\u00f4te vers Cavalaire ne permet que le mouillage de petits b\u00e2timents, en \u00e9t\u00e9. En 1752, une batterie avec quatre canons prot\u00e8ge cette partie. Vers le cap Lardier, linaccessibilit\u00e9 de la c\u00f4te rend toute protection inutile alors. La citadelle de Saint-Tropez prot\u00e8ge lentr\u00e9e du Golfe. Rencontre de Jardins, salon Sc\u00e8nes dext\u00e9rieur-Mon Jardin ma maison Jaccepte de recevoir lactualit\u00e9 de Mapauto par email. En 2015-2016, la mairie administre une de 78 \u00e9l\u00e8ves et une de 125 \u00e9l\u00e8ves. Salut, je cherche \u00e0 passer de bons moments avec de nouveaux amis, Je suis un gar\u00e7on, cheveux ch\u00e2tain de 28 ans suis actif mais je suis curieux et je.. Jardin petit jardin enti\u00e8rement clos avec terrasse et 1 grande table de repas ainsi que des chaises longues, et 1 salon de jardin  <img decoding=\"async\" src=\"http:\/\/idata.over-blog.com\/1\/35\/06\/93\/Aquariums\/100_3981.jpg\" alt=\"rencontre jardins gassin\" align=\"center\">  Terrasse 16 m 3 pi\u00e8ces 6 personnes env. 55 m-Rez de chauss\u00e9e ou en \u00e9tage Depuis ce temps les sorci\u00e8res ont fui sur leur balai de bruy\u00e8res. Quelques chemin\u00e9es fument encore par ci par l\u00e0, au dessus des toits engourdis par lhiver. Ecce quod nunc nobilis Jacobus de Favacio de Massilia dominus Castri Novi de Martico et honorabilis vir Bartholomeus Simondelli mercator de Massilia bona fide etc per se et suos confessi fuerunt et in veritate publi\u00e9e recognoverunt Hugoni Autrani dicti castri de Garcino.. Vice ac nomine dicti Bertrandi et pro eo se ab ipso Hugone tradente et solvente ut asserit de pecunia dicti Poncii Bonagracie patris dicti Bertrandi captivi habuisse et veraciter r\u00e9c\u00e9piss\u00e9 in extenu-atione dicte financie videlicet sexaginta florenos auri de regina ipsosque habuerunt in scutis et florenis auri traditis et realiter numeratis in presentia mei notarii et testium subscriptorum quos sexaginta florenos auri promiserunt mandare ad dictas partes et dictum Bertrandum facere liberari et adduci ad has partes per primum navilium venturum. R\u00e9servez vos vacances dans notre R\u00e9sidence Prestige Odalys Le Clos Bonaventure  On peut citer le peintre, lun des principaux peintres fauvistes, d\u00e9c\u00e9d\u00e9 dans sa maison gassinoise de LOustalet, l\u00e9crivaine et psychanalyste 1962, la r\u00e9sistante, qui s\u00e9teint en 1997 dans sa villa Air Bel II, d\u00e9nom\u00e9e ainsi en hommage \u00e0 la utilis\u00e9e durant la guerre et dans laquelle elle reverra son amant, les acteurs 2001 et 2005, ou lancien braqueur et \u00e9crivain 2017. Lartiste a pass\u00e9 les deux derni\u00e8res ann\u00e9es de sa vie \u00e0 Gassin o\u00f9 il est mort en. Jean-Pierre Brun, La Viticulture antique en Provence, in Gallia, 58, 2001, p 69-89. Lire en ligne Apr\u00e8s plusieurs jours de travaux, la commune de Gassin dispose depuis le d\u00e9but du mois de mars, de deux nouveaux parkings dans le secteur de Villevieille, sur la route qui m\u00e8ne \u00e0 la chapelle Notre-Dame-de-la-Consolation. <img decoding=\"async\" src=\"http:\/\/www.theprovenceherald.fr\/wp-content\/uploads\/2014\/08\/INTER-05.jpg\" alt=\"rencontre jardins gassin\" align=\"right\"> Description sur Rencontres de jardins aux p\u00e9pini\u00e8res Derbez Paysagiste, p\u00e9pini\u00e8re, entretien et cr\u00e9ation de jardins dans le golfe de Saint-Tropez \u00e0 Gassin, St-Tropez, Grimaud, Ramatuelle, Sainte-Maxime, Plan de La Tour, Cogolin, La Croix Valmer, Rayol Canadel, Cavalaire, La Mole, La Garde Freinet. <img decoding=\"async\" src=\"http:\/\/img.src.ca\/2014\/07\/15\/635x357\/140715_bi38u_bdsa_ernest-carbonneau_sn635.jpg\" alt=\"rencontre jardins gassin\" align=\"left\"> et Le salon des Tuileries, 928, 1928, 146 p, p 13.<\/p>\n","protected":false},"excerpt":{"rendered":"<p>rencontre jardins gassin<\/p>\n","protected":false},"author":1,"featured_media":0,"comment_status":"closed","ping_status":"closed","sticky":false,"template":"","format":"standard","meta":{"footnotes":""},"categories":[1],"tags":[],"_links":{"self":[{"href":"http:\/\/intranet.asbl.ca\/blog\/wp-json\/wp\/v2\/posts\/5307"}],"collection":[{"href":"http:\/\/intranet.asbl.ca\/blog\/wp-json\/wp\/v2\/posts"}],"about":[{"href":"http:\/\/intranet.asbl.ca\/blog\/wp-json\/wp\/v2\/types\/post"}],"author":[{"embeddable":true,"href":"http:\/\/intranet.asbl.ca\/blog\/wp-json\/wp\/v2\/users\/1"}],"replies":[{"embeddable":true,"href":"http:\/\/intranet.asbl.ca\/blog\/wp-json\/wp\/v2\/comments?post=5307"}],"version-history":[{"count":1,"href":"http:\/\/intranet.asbl.ca\/blog\/wp-json\/wp\/v2\/posts\/5307\/revisions"}],"predecessor-version":[{"id":5308,"href":"http:\/\/intranet.asbl.ca\/blog\/wp-json\/wp\/v2\/posts\/5307\/revisions\/5308"}],"wp:attachment":[{"href":"http:\/\/intranet.asbl.ca\/blog\/wp-json\/wp\/v2\/media?parent=5307"}],"wp:term":[{"taxonomy":"category","embeddable":true,"href":"http:\/\/intranet.asbl.ca\/blog\/wp-json\/wp\/v2\/categories?post=5307"},{"taxonomy":"post_tag","embeddable":true,"href":"http:\/\/intranet.asbl.ca\/blog\/wp-json\/wp\/v2\/tags?post=5307"}],"curies":[{"name":"wp","href":"https:\/\/api.w.org\/{rel}","templated":true}]}}