{"id":5435,"date":"2020-10-01T07:14:10","date_gmt":"2020-10-01T07:14:10","guid":{"rendered":"http:\/\/intranet.asbl.ca\/blog\/?p=5435"},"modified":"2020-09-24T17:11:21","modified_gmt":"2020-09-24T17:11:21","slug":"rencontre-belle-famille-marocaine","status":"publish","type":"post","link":"http:\/\/intranet.asbl.ca\/blog\/2020\/10\/01\/rencontre-belle-famille-marocaine\/","title":{"rendered":"Rencontre Belle Famille Marocaine"},"content":{"rendered":"<p>Syst\u00e8me K. Comme Kinshasa. Au milieu de lindescriptible chaos social et politique, une sc\u00e8ne contemporaine bouillonnante cr\u00e9e \u00e0 partir de rien, crie sa col\u00e8re et r\u00eave de reconnaissance. Malgr\u00e9 le harc\u00e8lement des autorit\u00e9s et les difficult\u00e9s personnelles des artistes, le mouvement envahit la rue et plus rien ne larr\u00eatera! Inspir\u00e9 de faits r\u00e9els. Franz J\u00e4gerst\u00e4tter, paysan autrichien, refuse de se battre aux c\u00f4t\u00e9s des nazis. Reconnu coupable de trahison par le r\u00e9gime hitl\u00e9rien, il est passible de la peine capitale. Mais port\u00e9 par sa foi in\u00e9branlable et son amour pour sa femme, Fani, et ses enfants, Franz reste un homme libre. Une vie cach\u00e9e raconte lhistoire de ces h\u00e9ros m\u00e9connus. Et puis ils ont ouvert un carrefour tu seras pas perdu Je suis moiti\u00e9 arabe, moiti\u00e9 alsacienne. Et je ny vois que du positif! je viens de voir la vid\u00e9o du consul, et je vous jure que je suis rest\u00e9 choqu\u00e9 par de tels propos haineux et mensongers marocains. Les marocains sont baign\u00e9s dans ce genre de discours du roi pour se maintenir au pouvoir et calmer les frustrations sociales marocaines en ravivant la haine envers lalg\u00e9rie. Poser la question \u00e0 nimporte qui dans le monde et vous lui montrer lhistoire des deux pays et les agressions constantes du maroc depuis 1963 sur le plan militaire et politique, et sur le plan culturel et de lhistoire depuis 1990 o\u00f9 le maroc d\u00e9tourne tout le patrimoine culturel alg\u00e9rien y compris le ra\u00ef! mais aussi lhistoire o\u00f9 ils ram\u00e8nent par le mensonge toutes lhistoire du maghreb vers eux alors que le maroc a \u00e9t\u00e9 fa\u00e7onn\u00e9 en lon en large et en diagonal par les alg\u00e9riens! leur jalousie et le fait quils nont jamais rien gagn\u00e9 contre les alg\u00e9riens, leur jalousie se transforme en haine!! comment un \u00eatre sup\u00e9rieur peut \u00eatre haineux envers un \u00eatre vil, petit et faible? nous le maroc quand on veut l\u00e9craser on laurait \u00e9cras\u00e9 depuis longtemps et sans probl\u00e8me, apr\u00e8s toutes les insultes des marocains tout simplement parce que lalg\u00e9rie \u00e0 linstar dautres pays du monde, soutient la cause des sahraouis! \u00e9coutez les propos du consul et vous comprenez ce que le makhzen dit des alg\u00e9triens aux marocains, cest absolument grave. LE CONSUL DOIT ETRE RENVOYE CHEZ LUI SANS TARDER ET EN PLSU DES EXCUSES DU ROI ENVERS LES ALGERIENS. AU FAIT QUI A BRULE LE DRAPEAU DU PAYS DE LAUTRE LE JOUR DANNIVERSAIRE DU 1ER NOVEMBRE ET A ENVAHIT LES CONSULATS ET LAMBASSADE? D\u00e9couvrir \u00e0 pied les villages berb\u00e8res du Toubkal qui ont gard\u00e9 tout leur charme. Une excursion paisible dans massif du Toubkal, id\u00e9ale pour une balade en famille On aime <img decoding=\"async\" src=\"http:\/\/catalogue.gazette-drouot.com\/images\/perso\/cat\/VENTE\/266\/86869\/pub.jpg\" alt=\"rencontre belle famille marocaine\" align=\"left\"> Et m\u00eame si je nai jamais v\u00e9cu au Maroc, et pass\u00e9 seulement les premi\u00e8res ann\u00e9es de ma vie pr\u00e8s de Colmar, ces deux origines font partie de moi, irr\u00e9m\u00e9diablement. Franco-marocaine : Haut-Rhin dhiver, Casablanca d\u00e9t\u00e9 Lorsque je compare avec mes parents qui vivent dans la m\u00eame rue que moi eux ne viennent jamais se m\u00ealer de nos affaires et ont tjs \u00e9t\u00e9 discrets lorsquils viennent chez moi cest \u00e0 la limite quils ont la crainte de d\u00e9ranger. Ils ont beau habiter la m\u00eame rue nous ne nous voyons pas tous les jours et ne viennent quune \u00e0 deux fois par semaine chez nous et ne restent pas plus dune demi heure tu vois la diff\u00e9rence pourtant nous sommes dorigine italienne de Sicile, mais nous avons v\u00e9cu en Belgique depuis les ann\u00e9es 70 et sommes totalement int\u00e9gr\u00e9s au pays.. \u00c0 la diff\u00e9rence de mes beaux-parents mais est-ce que mon mari fera cette diff\u00e9rence <img decoding=\"async\" src=\"http:\/\/catalogue.gazette-drouot.com\/images\/perso\/full\/ACTUALITE\/266\/63117.jpg\" alt=\"rencontre belle famille marocaine\" align=\"right\"> En plus, il me semble quils ne parlent pas tr\u00e8s bien fran\u00e7ais et je ne sais pas vraiment comment on va pouvoir communiqu\u00e9.M\u00eame si je sais que mon copain sera avec moi, cest con sil est toujours oblig\u00e9 de traduire Autre solution jai 1 semaine pour devenir bilingue!! : 0 Votez pour ce message Se connecter Cr\u00e9er un compte avec ses trois fr\u00e8res et leur famille. Tous voudront \u00eatre inform\u00e9s de  Mes parents ont quatre enfants. Il est technicien en \u00e9lectricit\u00e9. Jai \u00e9t\u00e9 enceinte deux fois et jai fais 2 fausses couches cest la volont\u00e9 de dieu tout puissant Un \u00e9tat alg\u00e9rien gangr\u00e9n\u00e9 depuis larriv\u00e9e de Bouteflika en 1999 merci reb dzayer alias Tewfiq par des milliers de marocains de souche ou naturalis\u00e9s et qui dont repr\u00e9sentent un danger potentiel en termes de loyaut\u00e9 on ne va pas faire le listing ici il serait trop long Connectez-vous avec un r\u00e9seau social ou un e-mail et un mot de passe pour commenter  merci, je pars avec Royal air Maroc, il y a bien une r\u00e9f\u00e9rence, mais sur le papier il y a indiqu\u00e9: votre billet davion vous sera remis \u00e0 la\u00e9roport le jour du d\u00e9part mais sans indiqu\u00e9 o\u00f9 je dois le retir\u00e9. 3 ALORS QUen toute hypoth\u00e8se l\u00e9pouse avait soutenu que lordonnance du 27 juillet 2011 de non-lieu \u00e0 suivre sur sa plainte avec constitution de partie civile du chef de soustraction de mineurs, d\u00e9pos\u00e9e apr\u00e8s que l\u00e9poux ait pris seul linitiative de sinstaller avec leurs enfants chez sa ma\u00eetresse, avait \u00e9t\u00e9 frapp\u00e9e dappel de sorte que linstruction \u00e9tait en cours v. Conclusions dappel de Mme Y., p. 12, al. 2 ; quen relevant n\u00e9anmoins que le caract\u00e8re d\u00e9finitif de cette ordonnance n\u00e9tait pas contest\u00e9 pour en d\u00e9duire quaucun \u00e9l\u00e9ment ne permettrait de retenir la responsabilit\u00e9 de l\u00e9poux dans les causes du divorce, la Cour dappel a d\u00e9natur\u00e9 les termes du litige et a ainsi viol\u00e9 larticle 4 du Code de proc\u00e9dure civile ; <img decoding=\"async\" src=\"http:\/\/www.more.wfcrimewatch.com\/upload\/news\/first\/592e9a773bea47.56339958.jpg\" alt=\"rencontre belle famille marocaine\" align=\"right\">  Au debut mon mari avait un peu de mal pas assez 034;arabe034; lol pis il a chang\u00e9 d avis lui qui a un pr\u00e9nom bien arabe a eu un mal fou a trouv\u00e9 du boulot..nous avons pens\u00e9 a l integration et surtout au discrimination que nous avons subi et que nous ne souhaitons pas pour nos enfants et malheureusement je ne pense pas que la soci\u00e9t\u00e9 ira en s arrangeant.. :.<\/p>\n","protected":false},"excerpt":{"rendered":"<p>rencontre belle famille marocaine<\/p>\n","protected":false},"author":1,"featured_media":0,"comment_status":"closed","ping_status":"closed","sticky":false,"template":"","format":"standard","meta":{"footnotes":""},"categories":[1],"tags":[],"_links":{"self":[{"href":"http:\/\/intranet.asbl.ca\/blog\/wp-json\/wp\/v2\/posts\/5435"}],"collection":[{"href":"http:\/\/intranet.asbl.ca\/blog\/wp-json\/wp\/v2\/posts"}],"about":[{"href":"http:\/\/intranet.asbl.ca\/blog\/wp-json\/wp\/v2\/types\/post"}],"author":[{"embeddable":true,"href":"http:\/\/intranet.asbl.ca\/blog\/wp-json\/wp\/v2\/users\/1"}],"replies":[{"embeddable":true,"href":"http:\/\/intranet.asbl.ca\/blog\/wp-json\/wp\/v2\/comments?post=5435"}],"version-history":[{"count":1,"href":"http:\/\/intranet.asbl.ca\/blog\/wp-json\/wp\/v2\/posts\/5435\/revisions"}],"predecessor-version":[{"id":5436,"href":"http:\/\/intranet.asbl.ca\/blog\/wp-json\/wp\/v2\/posts\/5435\/revisions\/5436"}],"wp:attachment":[{"href":"http:\/\/intranet.asbl.ca\/blog\/wp-json\/wp\/v2\/media?parent=5435"}],"wp:term":[{"taxonomy":"category","embeddable":true,"href":"http:\/\/intranet.asbl.ca\/blog\/wp-json\/wp\/v2\/categories?post=5435"},{"taxonomy":"post_tag","embeddable":true,"href":"http:\/\/intranet.asbl.ca\/blog\/wp-json\/wp\/v2\/tags?post=5435"}],"curies":[{"name":"wp","href":"https:\/\/api.w.org\/{rel}","templated":true}]}}