{"id":5439,"date":"2020-10-01T08:31:34","date_gmt":"2020-10-01T08:31:34","guid":{"rendered":"http:\/\/intranet.asbl.ca\/blog\/?p=5439"},"modified":"2020-09-24T17:20:22","modified_gmt":"2020-09-24T17:20:22","slug":"rencontre-train-nantes","status":"publish","type":"post","link":"http:\/\/intranet.asbl.ca\/blog\/2020\/10\/01\/rencontre-train-nantes\/","title":{"rendered":"Rencontre Train Nantes"},"content":{"rendered":"<p>Conf\u00e9rence anim\u00e9e par Henri Copin, membre de lAcad\u00e9mie litt\u00e9raire de Bretagne et des Pays de la Loire. Une interface \u00e9pur\u00e9e et un r\u00e9f\u00e9rencement des billets disponibles le plus complet possible. Lapplication s\u00e9lectionne pour vous les meilleurs prix. <img decoding=\"async\" src=\"http:\/\/www.bretagne.bzh\/upload\/docs\/image\/jpeg\/2018-09\/rencontres-illettrisme.jpg.associated\/th-400x225-rencontres-illettrisme.jpg.jpg\" alt=\"rencontre train nantes\" align=\"center\"> Bayer France sunit \u00e0 lappel lanc\u00e9 par plus de 90 dirigeants dentreprises fran\u00e7aises et internationales en signant la tribune Mettons l.. LEPSF a accord\u00c3 \u00c3 la LGV BPL lAutorisation de Mise en Exploitation Commerciale AMEC le 15 mai 2017. <img decoding=\"async\" src=\"http:\/\/www.igarun.univ-nantes.fr\/uas\/igarun\/LOGO_COMUE\/logo_UBL_RVB.png\" alt=\"rencontre train nantes\" align=\"left\"> Un jour, ils ont eu un d\u00e9clic. Pour vivre mieux, il fallait rompre, quitter la vie davant et se r\u00e9inventer. L\u00e9a, 24 ans, nous raconte comment sa premi\u00e8re grande histoire la finalement sauv\u00e9e. Nos vies intimes-Publi\u00e9 le 30 mai 2020 \u00e0 11:00 Vous pouvez \u00e9galement nous contacter en dehors des jours f\u00e9ri\u00e9s: Je suis abonn\u00e9 au service de transport SNCF-TER Pays de la Loire de la ligne de tram-train Nantes-Chateaubriant, dans le cadre de mes d\u00e9placements domicile-travail. Offre all\u00e9chante si lon consid\u00e8re les remboursements assur\u00e9s par lentreprise 50 minimum et laide de la r\u00e9gion 45mois si d\u00e9duction entreprise r\u00e9alis\u00e9e. RT SNCF: TousResponsables Si vous \u00eates dans lobligation de vous d\u00e9placer, nous vous invitons-En, vers 11 heures 30, sur la, lexpress Paris-Calais percute une machine de man\u0153uvre et d\u00e9raille. Les voyageurs sont indemnes, mais le m\u00e9canicien de la locomotive tamponn\u00e9e est tu\u00e9 et quatre autres cheminots sont bless\u00e9s, dont un mortellement.-\u00c0, vers 6 heures 30, au m\u00eame endroit que celui de laccident du 1 er novembre, un train de marchandises venant d d\u00e9raille. Le chef de train est tu\u00e9. Devenez membre et faites vous une nouvelle id\u00e9e de la lecture  SAFERAIL sera pr\u00c3sent le 18 juin 2019 au Salon APEC de Paris.-Sur la ligne-du r\u00e9seau \u00e0 voie m\u00e9trique des, la locomotive dun train transportant du minerai de fer de \u00e0 Caen se renverse \u00e0, coin\u00e7ant son m\u00e9canicien, qui est tu\u00e9. Enfin, le sc\u00e9nario bleu sud Vilaine pr\u00e9sente en variante un ajout possible contournant Redon par le sud qui serait de nature \u00e0 acc\u00e9l\u00e9rer les relations vers Vannes depuis Rennes pour les trains ne desservant pas Redon. Il semblerait que vous utilisez un navigateur obsol\u00e8te.  <img decoding=\"async\" src=\"http:\/\/www.trains-expo.fr\/images\/news\/rs_2_parcours_zoom.png\" alt=\"rencontre train nantes\" align=\"right\"> dans la m\u00eame s\u00e9rie Cycle de conf\u00e9rences de lUniversit\u00e9 permanente De demander un \u00e9change ou un retour gratuit en ligne Les 750 passagers de la ligne Nantes-Paris sont rest\u00e9s bloqu\u00e9s dans le TGV pendant 15 heures cons\u00e9cutives .<\/p>\n","protected":false},"excerpt":{"rendered":"<p>rencontre train nantes<\/p>\n","protected":false},"author":1,"featured_media":0,"comment_status":"closed","ping_status":"closed","sticky":false,"template":"","format":"standard","meta":{"footnotes":""},"categories":[1],"tags":[],"_links":{"self":[{"href":"http:\/\/intranet.asbl.ca\/blog\/wp-json\/wp\/v2\/posts\/5439"}],"collection":[{"href":"http:\/\/intranet.asbl.ca\/blog\/wp-json\/wp\/v2\/posts"}],"about":[{"href":"http:\/\/intranet.asbl.ca\/blog\/wp-json\/wp\/v2\/types\/post"}],"author":[{"embeddable":true,"href":"http:\/\/intranet.asbl.ca\/blog\/wp-json\/wp\/v2\/users\/1"}],"replies":[{"embeddable":true,"href":"http:\/\/intranet.asbl.ca\/blog\/wp-json\/wp\/v2\/comments?post=5439"}],"version-history":[{"count":1,"href":"http:\/\/intranet.asbl.ca\/blog\/wp-json\/wp\/v2\/posts\/5439\/revisions"}],"predecessor-version":[{"id":5440,"href":"http:\/\/intranet.asbl.ca\/blog\/wp-json\/wp\/v2\/posts\/5439\/revisions\/5440"}],"wp:attachment":[{"href":"http:\/\/intranet.asbl.ca\/blog\/wp-json\/wp\/v2\/media?parent=5439"}],"wp:term":[{"taxonomy":"category","embeddable":true,"href":"http:\/\/intranet.asbl.ca\/blog\/wp-json\/wp\/v2\/categories?post=5439"},{"taxonomy":"post_tag","embeddable":true,"href":"http:\/\/intranet.asbl.ca\/blog\/wp-json\/wp\/v2\/tags?post=5439"}],"curies":[{"name":"wp","href":"https:\/\/api.w.org\/{rel}","templated":true}]}}