{"id":5445,"date":"2020-10-01T04:52:42","date_gmt":"2020-10-01T04:52:42","guid":{"rendered":"http:\/\/intranet.asbl.ca\/blog\/?p=5445"},"modified":"2020-09-24T17:40:58","modified_gmt":"2020-09-24T17:40:58","slug":"rencontre-egalite-emploi","status":"publish","type":"post","link":"http:\/\/intranet.asbl.ca\/blog\/2020\/10\/01\/rencontre-egalite-emploi\/","title":{"rendered":"Rencontre Egalite Emploi"},"content":{"rendered":"<p>Cette journ\u00e9e offrait lopportunit\u00e9 aux jeunes dipl\u00f4m\u00e9s et aux \u00e9tudiants issus de quartiers prioritaires, de rencontrer des professionnels, d\u00e9changer sur leur projet professionnel et de b\u00e9n\u00e9ficier de conseils en mati\u00e8re de recherche demploi ou de stage. Un troph\u00e9e pour le Groupe BPCE You have reached your viewing limit for this book. \u00c9dition 2017 : Quelles pratiques innovantes en mati\u00c8re dorganisation et de management dans les collectivit\u00c9s territoriales? Nous r\u00e9alisons des interventions \u00e9ducatives en centres sociaux et \u00e9tablissements scolaires, essentiellement pour les jeunes en difficult\u00e9 : pr\u00e9vention, sensibilisation, aide \u00e0 lorientation, et ateliers en tous genres. Pour le grand public, nous organisons \u00e9galement des conf\u00e9rences de vulgarisation sur les sujets les plus vari\u00e9s, ainsi que des visites-d\u00e9couvertes in\u00e9dites. Nos tarifs sont volontairement bas et tiennent compte des moyens de chacun. En particulier, tout est \u00e0 moiti\u00e9 prix pour les \u00e9tudiants et enti\u00e8rement gratuit pour les personnes en situation de handicap, en recherche demploi, ou b\u00e9n\u00e9ficiaires des minima sociaux. Enfin, quand nous en avons les moyens, nous produisons des vid\u00e9os YouTube d\u00e9mon\u00e9tis\u00e9es pour contribuer \u00e0 la diffusion du savoir sur internet. Quels sont nos objectifs? <img decoding=\"async\" src=\"http:\/\/images.charentelibre.fr\/2015\/05\/29\/5645cd3b7971bb340f4cc500\/golden\/1000x625\/rafael-nadal-sest-rassure-sur-son-etat-de-forme-en-battant-facilement-nicolas-almagro-6-4-6-3-6-1.jpg\" alt=\"rencontre egalite emploi\" align=\"center\"> Lassociation NQT \u0153uvre donc pour l\u00e9galit\u00e9 des chances en 3 000 jeunes dipl\u00f4m\u00e9s et pr\u00e8s de 40 partenaires priv\u00e9s et publics se sont donc retrouv\u00e9s dans la Nef. Cette rencontre a pour but de favoriser l\u00e9galit\u00e9 des chances en b\u00e9n\u00e9ficiant des conseils, des attentes et exigences des entreprises, et pour certains dobtenir leur premier emploi. Ce nest pas vraiment important ce qui arrive maintenant Certains ont commenc\u00e9 \u00e0 parler des menaces qui se profilaient. Quest-ce qui pourrait marriver de la part dun de nos fr\u00e8res blancs malades Comme tout le monde, jaimerais vivre une longue vie. La long\u00e9vit\u00e9 est importante mais je ne suis pas concern\u00e9 par \u00e7a maintenant. Je veux juste accomplir la volont\u00e9 de Dieu. Et il ma autoris\u00e9 \u00e0 grimper sur la montagne! Et jai regard\u00e9 autour de moi, et jai vu la terre promise. Je nirai peut-\u00eatre pas l\u00e0-bas avec vous. Mais je veux que vous sachiez ce soir, que nous, comme peuple, atteindrons la terre promise. Et je suis si heureux ce soir. Je nai aucune crainte. Je nai peur daucun homme. Mes yeux ont vu la gloire de la venue du Seigneur! <img decoding=\"async\" src=\"http:\/\/www.fete-bourgogne.org\/wp-content\/uploads\/2017\/04\/invitation-mail-PEL-1024x1024.jpg\" alt=\"rencontre egalite emploi\" align=\"left\"> Le fait quil y ait davantage de femmes dans lESS a accentu\u00e9 une forme de d\u00e9ni dans les structures, qui pensaient quelles navaient pas de probl\u00e8me d\u00e9galit\u00e9 puisquelles comptaient une majorit\u00e9 de femmes. Cest de plus une \u00e9conomie de valeurs, qui sest construite avec un nombre de positions politiques fortes, tourn\u00e9es vers lutilit\u00e9 sociale, l\u00e9galit\u00e9 entre les personnes etc. Ce d\u00e9ni a entra\u00een\u00e9 un retard par rapport, par exemple, \u00e0 de nombreuses entreprises du CAC40 o\u00f9 l\u00e9galit\u00e9 femmes-hommes est un sujet majeur de RSE depuis plusieurs ann\u00e9es. LESS compte de plus \u00e9norm\u00e9ment de structures de moins de 50 salari\u00e9s, qui ne sont donc pas soumises aux obligations l\u00e9gales en mati\u00e8re de parit\u00e9. Ces petites structures, notamment des associations ou des coop\u00e9ratives, se trouvent en outre souvent en situation de survie : la priorit\u00e9 est donn\u00e9e aux questions financi\u00e8res et budg\u00e9taires, tandis que celles de et de l\u00e9galit\u00e9 femmes-hommes semblent davantage \u00eatre des sujets de confort, des suppl\u00e9ments. Participez aux Rencontres nationales le 27 novembre, Dominique Joseph, Secr\u00e9taire g\u00e9n\u00e9rale de la, Pr\u00e9sidente du ; Depuis le d\u00e9confinement, les m\u00e9decins et lassurance maladie sont l\u00e0 pour assurer une mission de suivi de lhistorique de contact des malades. StopCovid vient compl\u00e9ter laction de ces \u00e9quipes en \u00e9tant un moyen de pr\u00e9venir dans des situations de forte densit\u00e9 et en cassant les cha\u00eenes de transmission. Quelles in\u00e9galit\u00e9s femmes-hommes lObservatoire constate-t-il dans lESS?  -Rappel des objectifs pr\u00e9sentation de la m\u00e9thodologie utilis\u00e9e  Espace Parentalit\u00e9, M\u00e9diation, promotion de l\u00e9galit\u00e9 au sein de la famille Un suivi de chaque op\u00e9ration est assur\u00e9 pendant 6 mois par lassociation : 13 des fran\u00e7ais se sent menac\u00e9 en raison de son appartenance religieuse Pour \u00eatre alert\u00e9 par email dune r\u00e9action \u00e0 ce commentaire, merci de Comment mobiliser les acteurs et cr\u00e9er des liens pour faire aboutir les projets des jeunes avec audace et r\u00e9ussite? Pour la seconde ann\u00e9e cons\u00e9cutive, le Challenge Startup organis\u00e9 avec nos partenaires Coca-Cola European Partners et le Groupe Casino, a r\u00e9compens\u00e9 les meilleurs projets 13h30 18h00 : Les \u00e9tudiants et jeunes dipl\u00f4m\u00e9s de la r\u00e9gion sont accueillis par les entreprises. Inscrivez-vous \u00e0 la newletter et recevez dans votre bo\u00eete mail les derni\u00e8res actualit\u00e9s de la ville et rest\u00e9s inform\u00e9s des \u00e9v\u00e9nements \u00e0 venir. Particularit\u00e9 de la structure, cest ici la prise de contact <img decoding=\"async\" src=\"http:\/\/i64.servimg.com\/u\/f64\/12\/34\/40\/85\/img_3214.jpg\" alt=\"rencontre egalite emploi\" align=\"right\"> Contact: Fr\u00e9d\u00e9ric SAUSSAC D\u00e9l\u00e9gu\u00e9 r\u00e9gional \u00e0 lEmploi Medef Rh\u00f4ne-Alpes Le taux de ch\u00f4mage \u00e9lev\u00e9 des jeunes \u00e0 faible qualification dans les zones dites sensibles implique plusieurs facteurs : Ce site utilise Google Analytics pour collecter des informations anonymes, telles que le nombre de visiteurs du site et les pages les plus populaires.<\/p>\n","protected":false},"excerpt":{"rendered":"<p>rencontre egalite emploi<\/p>\n","protected":false},"author":1,"featured_media":0,"comment_status":"closed","ping_status":"closed","sticky":false,"template":"","format":"standard","meta":{"footnotes":""},"categories":[1],"tags":[],"_links":{"self":[{"href":"http:\/\/intranet.asbl.ca\/blog\/wp-json\/wp\/v2\/posts\/5445"}],"collection":[{"href":"http:\/\/intranet.asbl.ca\/blog\/wp-json\/wp\/v2\/posts"}],"about":[{"href":"http:\/\/intranet.asbl.ca\/blog\/wp-json\/wp\/v2\/types\/post"}],"author":[{"embeddable":true,"href":"http:\/\/intranet.asbl.ca\/blog\/wp-json\/wp\/v2\/users\/1"}],"replies":[{"embeddable":true,"href":"http:\/\/intranet.asbl.ca\/blog\/wp-json\/wp\/v2\/comments?post=5445"}],"version-history":[{"count":1,"href":"http:\/\/intranet.asbl.ca\/blog\/wp-json\/wp\/v2\/posts\/5445\/revisions"}],"predecessor-version":[{"id":5446,"href":"http:\/\/intranet.asbl.ca\/blog\/wp-json\/wp\/v2\/posts\/5445\/revisions\/5446"}],"wp:attachment":[{"href":"http:\/\/intranet.asbl.ca\/blog\/wp-json\/wp\/v2\/media?parent=5445"}],"wp:term":[{"taxonomy":"category","embeddable":true,"href":"http:\/\/intranet.asbl.ca\/blog\/wp-json\/wp\/v2\/categories?post=5445"},{"taxonomy":"post_tag","embeddable":true,"href":"http:\/\/intranet.asbl.ca\/blog\/wp-json\/wp\/v2\/tags?post=5445"}],"curies":[{"name":"wp","href":"https:\/\/api.w.org\/{rel}","templated":true}]}}