{"id":5455,"date":"2020-10-01T09:38:23","date_gmt":"2020-10-01T09:38:23","guid":{"rendered":"http:\/\/intranet.asbl.ca\/blog\/?p=5455"},"modified":"2020-09-24T17:57:17","modified_gmt":"2020-09-24T17:57:17","slug":"rencontre-jazz-la-gaude","status":"publish","type":"post","link":"http:\/\/intranet.asbl.ca\/blog\/2020\/10\/01\/rencontre-jazz-la-gaude\/","title":{"rendered":"Rencontre Jazz La Gaude"},"content":{"rendered":"<p>Club So What-16 rue Ponzone-La Gaude-entr\u00e9e libre pour les concerts <img decoding=\"async\" src=\"http:\/\/cdn.purple.fr\/a1925c0f51fc23009c775a29f28c0c1c\/static.purple.fr\/2018\/02\/underwater_pv_select-17-PHOTO-BY-DOUG-AITKEN-copie-226x300.jpg\/300x300\/underwater_pv_select-17-PHOTO-BY-DOUG-AITKEN-copie-226x300.jpg\" alt=\"rencontre jazz la gaude\" align=\"right\"> <img decoding=\"async\" src=\"http:\/\/www.scbhoool.ga\/images\/vehicule\/Autogest\/60145i1.JPG\" alt=\"rencontre jazz la gaude\" align=\"center\"> Ce site utilise des cookies pour am\u00e9liorer votre exp\u00e9rience, renforcer la s\u00e9curit\u00e9 du site et vous proposer des publicit\u00e9s personnalis\u00e9es. Pour en savoir plus ou g\u00e9rer vos param\u00e8tres. En cliquant ou en naviguant sur le site, vous acceptez notre utilisation des cookies rocheux. A l\u00e9poque nous sommes dans les ann\u00e9es 60, la route  Si le ch\u00e2teau des templiers de la Gaude \u00e9tait de type militaire, en face, pas tr\u00e8s loin de l\u00e0, la commanderie au sommet du Baou, sur un piton rocheux, au lieu-dit Saint Laurent-la Bastide aujourdhui d\u00e9nomm\u00e9 Les Blancs, \u00e9tait de type agricole avec des d\u00e9pendances et terres agricoles dans la r\u00e9gion du bas du Baou ou dans les plaines du contrebas. Le Comte ne motivait pas une d\u00e9cision aussi grave, il prenait soin dajouter toutefois quil ne faisait que transmettre fid\u00e8lement les instructions du Pape, et il priait ses officiers, sous peine de sanction grave, de d\u00e9ployer autant de diligence que lui-m\u00eame dans lex\u00e9cution de celle-ci.   Un groupe de jouve qui donne un coup de jeune \u00e0 la musique traditionnelle \u03b3\u03b5\u03bc\u03b9\u03c3\u03b1\u03bd \u03bf\u03b9 \u03c4\u03bf\u03b9\u03c7\u03bf\u03b9 \u03bf\u03bb\u03c9\u03bd \u03bc\u03b1\u03c2 \u03c5\u03c0\u03bf\u03bd\u03bf\u03bf\u03c5\u03bc\u03b5\u03bd\u03b1 \u03b2\u03b9\u03b2\u03bb\u03b9\u03b1 \u03b5\u03c0\u03b1\u03bb \u03bd\u03bf\u03c3\u03b7\u03bb\u03b5\u03c5\u03c4\u03b9\u03ba\u03b7\u03c2 \u03a3\u03ac\u03b2\u03b2\u03b1\u03c4\u03bf 258 \u039f\u03a6\u0391 \u03a4\u03a1\u0399\u03a4\u03a9\u039d\u0399\u0391 Ce ne sont pas moins de quatre Arts qui se sont regroup\u00e9s pour cette soir\u00e9e de lancement : lArt musical bien entendu, avec lorganisateur Alex BENVENUTO, lArt pictural avec les artistes peintres V\u00e9ronique DENOYEL et M\u00e9ry VIAL, lArt sculptural avec le talentueux Roger DROUIN, et lArt culinaire avec Sophie et Michel BETIS, propri\u00e9taires du restaurant Chez Mirabelle. Nous pourrions m\u00eame ajouter un cinqui\u00e8me \u00e9l\u00e9ment, lArt du discours et de lhumour avec le maire de La Gaude, Michel ME\u00cfNI, qui souhaite dans son discours inaugural quun jour on parlera de La Gaude comme lieu fondateur du jazz. Enrico RAVA et le SANGOMA EVERETT TRIO, vedettes des 19e rencontres de JAZZ. \u00c0 venir dans.. Secondes.. Par&#8230; ANNULER \u00c9COUTER \u03bd\u03b5\u03b1 \u03b2\u03b9\u03b2\u03bb\u03b9\u03b1 \u03b5\u03c0\u03b1\u03bb 2015 \u03bf\u03be\u03b5\u03af\u03b1 \u03b5\u03bd\u03c4\u03b5\u03c1\u03b9\u03ba\u03ae \u03b1\u03c0\u03cc\u03c6\u03c1\u03b1\u03be\u03b7 \u03a6\u03b9\u03bb\u03b9\u03ba\u03ac : Le public jouxte les musiciens. Et cest heureux. Tout devient ainsi perceptible, les mouvements des mains, les torsions des corps, l\u00e9nergie du souffle. On se pose des questions sur le compositeur, qui est-il, en fait sil y a une chanson qui nous plait, on la joue, donc il y a des soir\u00e9es o\u00f9 lon ne joue que des choses compos\u00e9es par dautres, il y a dautres concerts o\u00f9 lon ne joue plut\u00f4t que notre musique, en fait on ne d\u00e9cide presque jamais la liste des morceaux, on a toute une s\u00e9rie de choses et, selon le public, on suit un peu la vague \u00e9motionnelle, en g\u00e9n\u00e9ral on part avec un th\u00e8me \u00e0 moi qui sappelle Singuldu, cest le morceau qui ouvre le disque avec Omar Sosa et Jacques Morelenbaum et \u00e7\u00e0, cest le d\u00e9part mais vous savez on se sent des musiciens ouverts au monde. Avec un jury compos\u00e9 de musiciens, journalistes, repr\u00e9sentants de la municipalit\u00e9, responsables de festivals. LINSURRECTION PO\u00c9TIQUE 2015 \u00c9DITIONS BRUNO DOUCEY sacr\u00e9e : la pr\u00e9paration et la conservation du vin quils font La XX \u00e9dition du festival Op\u00e9ra en plein air est d\u00e9cal\u00e9e \u00e0 2021 <img decoding=\"async\" src=\"http:\/\/www.stasjh.tk\/19450-thickbox_default\/bracelet-cybele-manchette-4-rangs-collection-bead-charms-et-bijoux-sur-fil-elastic-new-collection-75990.jpg\" alt=\"rencontre jazz la gaude\" align=\"left\"> Dimanche 18 novembre, Eglise de La Gaude : Les Artistes de lEb\u00e8ne.<\/p>\n","protected":false},"excerpt":{"rendered":"<p>rencontre jazz la gaude<\/p>\n","protected":false},"author":1,"featured_media":0,"comment_status":"closed","ping_status":"closed","sticky":false,"template":"","format":"standard","meta":{"footnotes":""},"categories":[1],"tags":[],"_links":{"self":[{"href":"http:\/\/intranet.asbl.ca\/blog\/wp-json\/wp\/v2\/posts\/5455"}],"collection":[{"href":"http:\/\/intranet.asbl.ca\/blog\/wp-json\/wp\/v2\/posts"}],"about":[{"href":"http:\/\/intranet.asbl.ca\/blog\/wp-json\/wp\/v2\/types\/post"}],"author":[{"embeddable":true,"href":"http:\/\/intranet.asbl.ca\/blog\/wp-json\/wp\/v2\/users\/1"}],"replies":[{"embeddable":true,"href":"http:\/\/intranet.asbl.ca\/blog\/wp-json\/wp\/v2\/comments?post=5455"}],"version-history":[{"count":1,"href":"http:\/\/intranet.asbl.ca\/blog\/wp-json\/wp\/v2\/posts\/5455\/revisions"}],"predecessor-version":[{"id":5456,"href":"http:\/\/intranet.asbl.ca\/blog\/wp-json\/wp\/v2\/posts\/5455\/revisions\/5456"}],"wp:attachment":[{"href":"http:\/\/intranet.asbl.ca\/blog\/wp-json\/wp\/v2\/media?parent=5455"}],"wp:term":[{"taxonomy":"category","embeddable":true,"href":"http:\/\/intranet.asbl.ca\/blog\/wp-json\/wp\/v2\/categories?post=5455"},{"taxonomy":"post_tag","embeddable":true,"href":"http:\/\/intranet.asbl.ca\/blog\/wp-json\/wp\/v2\/tags?post=5455"}],"curies":[{"name":"wp","href":"https:\/\/api.w.org\/{rel}","templated":true}]}}