{"id":5463,"date":"2020-10-01T05:22:25","date_gmt":"2020-10-01T05:22:25","guid":{"rendered":"http:\/\/intranet.asbl.ca\/blog\/?p=5463"},"modified":"2020-09-24T18:05:44","modified_gmt":"2020-09-24T18:05:44","slug":"rencontres-ecrivains","status":"publish","type":"post","link":"http:\/\/intranet.asbl.ca\/blog\/2020\/10\/01\/rencontres-ecrivains\/","title":{"rendered":"Rencontres Ecrivains"},"content":{"rendered":"<p>Fran\u00e7oise Rachm\u00fchl est n\u00e9e en Lorraine, o\u00f9 elle a fait ses \u00e9tudes avant de sinstaller en banlieue parisienne. Professeur de Lettres modernes en lyc\u00e9e et coll\u00e8ge pendant une trentaine dann\u00e9es, elle a dirig\u00e9 la collection des classiques \u0152uvres et Th\u00e8mes aux \u00e9ditions Hatier. Elle se consacre actuellement \u00e0 l\u00e9criture et anime r\u00e9guli\u00e8rement des ateliers d\u00e9criture en milieu scolaire. <img decoding=\"async\" src=\"http:\/\/www.calilux.net\/Rencontres\/benameur%201.jpg\" alt=\"rencontres ecrivains\" align=\"right\"> Liste des vignerons invit\u00e9s : Beaujolais, Cahors Vin de pays du Cont\u00e9 tolosan, Corbi\u00e8res, C\u00f4tes de Gascogne Floc Armagnac, C\u00f4tes du Rh\u00f4ne, C\u00f4tes du Roussillon Villages, Maury, Muscat de Rivesaltes, Fronsac, Canon-Fronsac, Fronton, Gaillac, Vin de pays de lH\u00e9rault You dont have permission to access this resource. Merci et encore merci de nous d\u00e9fendre aupr\u00e8s du gouvernement! Scholastique Mukasonga, Colombe Schneck, Jean Rouaud et Claro <img decoding=\"async\" src=\"http:\/\/www.crilcq.org\/fileadmin\/_processed_\/csm_Affiche_Lepage-Vidal_1__aba6335293.jpg\" alt=\"rencontres ecrivains\" align=\"center\"> Pour le moment, nous navons pas de confirmation sur le fait que vous puissiez b\u00e9n\u00e9ficier de ce dispositif, n\u00e9tant pas salari\u00e9 mais rattach\u00e9 au r\u00e9gime g\u00e9n\u00e9ral. Nous avons interroger les administrations comp\u00e9tentes et reviendrons vers vous une fois obtenues des certitudes quant \u00e0 son application pour les artistes-auteurs. La premi\u00e8re rencontre, avec Obom, aura lieu le 7 octobre 2019. Elle sera anim\u00e9e par Virginie Fournier. Si cest bien le cas, cest vraiment totalement absurde Pourquoi avoir rectifi\u00e9 le mode de calcul uniquement pour avril? <img decoding=\"async\" src=\"http:\/\/www.saumur-kiosque.com\/images\/articles\/thumbnails\/Pour_Lowry_300x0.jpg\" alt=\"rencontres ecrivains\" align=\"right\"> \u00e9crit, quand il a le temps, sur son ordinateur et il \u00e9crit aussi sur un brouillon. Cathy Ytak ne trouve pas que ce soit un m\u00e9tier difficile. Ce quelle appr\u00e9cie, cest quelle travaille quand Je me d\u00e9place beaucoup et suis souvent loin de chez moi, ce qui implique que, sans faire ma princesse, jai besoin dun minimum de confort que je vous d\u00e9taille ici :  Quiz : questions \u00e0 Christian Louis, auteur Commingeois Je suis artiste-auteur, plasticienne, et jai aussi per\u00e7u une somme dargent fin janvier que jai factur\u00e9e, pour une r\u00e9alisation murale Bref, somme que jai donc d\u00e9clar\u00e9e \u00e0 la CAF lors de lactualisation trimestriel en mars. Cons\u00e9quence, je ne suis donc pas \u00e9ligible pour recevoir une aide relative \u00e0 la situation actuelle alors que je nai pas touch\u00e9 de RSA durant les mois de avril, mai, juin Et jesp\u00e8re pouvoir \u00e0 nouveau b\u00e9n\u00e9ficier du RSA en juillet car je ne vais pas savoir sortir la t\u00eate de leau! Donc je pioche dans les 3500 euros que jai gagn\u00e9 pour payer mon loyer, mes factures et tout le reste. Dans ces conditions, il est impossible dinvestir de largent pour un quelconque achat de mat\u00e9riel. \u00c0 la fin de juin, cest comme si je navais rien gagn\u00e9 de cette vente puisque je nai pas per\u00e7u de RSA en avril, mai, juin 2020, cest la r\u00e8gle et ni de prime de lemploi puisque cest une facture Que faire dans cette situation? Cest lasphyxie! Y-at-il une porte de sortie?   D\u00e9couvrez plus en d\u00e9tails le livre de Gilles G\u00e9rardin \u00e0 travers notre interview vid\u00e9o de lauteur : R\u00e9pondre Se joindre \u00e0 la discussion? Vous \u00eates libre de contribuer! Parolier et \u00e9crivain, Patrice Guirao vit \u00e0 Tahiti depuis 1968. Il sest fait connaitre notamment en publiant une s\u00e9rie de romans noirs et humoristiques tr\u00e8s populaires mettant en sc\u00e8ne un d\u00e9tective tahitien du nom dAl Dorsey. Changement dambiance pour ce nouveau roman qui nous plonge dans une intrigue aux tonalit\u00e9s plus sombres. Sous la surface des sables dor\u00e9es et des mers azur\u00e9es, Patrice Guirao nous r\u00e9v\u00e8le tout lenvers du d\u00e9cor tahitien : la Polyn\u00e9sie nest pas seulement un jardin dEden, on y trouve aussi de la d\u00e9linquance, de la criminalit\u00e9, du d\u00e9nuement. Bienvenue sur l\u00eele de Moorea!<\/p>\n","protected":false},"excerpt":{"rendered":"<p>rencontres ecrivains<\/p>\n","protected":false},"author":1,"featured_media":0,"comment_status":"closed","ping_status":"closed","sticky":false,"template":"","format":"standard","meta":{"footnotes":""},"categories":[1],"tags":[],"_links":{"self":[{"href":"http:\/\/intranet.asbl.ca\/blog\/wp-json\/wp\/v2\/posts\/5463"}],"collection":[{"href":"http:\/\/intranet.asbl.ca\/blog\/wp-json\/wp\/v2\/posts"}],"about":[{"href":"http:\/\/intranet.asbl.ca\/blog\/wp-json\/wp\/v2\/types\/post"}],"author":[{"embeddable":true,"href":"http:\/\/intranet.asbl.ca\/blog\/wp-json\/wp\/v2\/users\/1"}],"replies":[{"embeddable":true,"href":"http:\/\/intranet.asbl.ca\/blog\/wp-json\/wp\/v2\/comments?post=5463"}],"version-history":[{"count":1,"href":"http:\/\/intranet.asbl.ca\/blog\/wp-json\/wp\/v2\/posts\/5463\/revisions"}],"predecessor-version":[{"id":5464,"href":"http:\/\/intranet.asbl.ca\/blog\/wp-json\/wp\/v2\/posts\/5463\/revisions\/5464"}],"wp:attachment":[{"href":"http:\/\/intranet.asbl.ca\/blog\/wp-json\/wp\/v2\/media?parent=5463"}],"wp:term":[{"taxonomy":"category","embeddable":true,"href":"http:\/\/intranet.asbl.ca\/blog\/wp-json\/wp\/v2\/categories?post=5463"},{"taxonomy":"post_tag","embeddable":true,"href":"http:\/\/intranet.asbl.ca\/blog\/wp-json\/wp\/v2\/tags?post=5463"}],"curies":[{"name":"wp","href":"https:\/\/api.w.org\/{rel}","templated":true}]}}