{"id":5527,"date":"2020-10-01T03:16:46","date_gmt":"2020-10-01T03:16:46","guid":{"rendered":"http:\/\/intranet.asbl.ca\/blog\/?p=5527"},"modified":"2020-09-24T19:36:40","modified_gmt":"2020-09-24T19:36:40","slug":"rencontres-gourmandes-vaison-la-romaine","status":"publish","type":"post","link":"http:\/\/intranet.asbl.ca\/blog\/2020\/10\/01\/rencontres-gourmandes-vaison-la-romaine\/","title":{"rendered":"Rencontres Gourmandes Vaison La Romaine"},"content":{"rendered":"<p>Mais aussi des personnalit\u00e9s sportives, avec Michel Hidalgo, ancien s\u00e9lectionneur de l\u00e9quipe de France, et Ludovic Butelle, gardien de But de lAC Arles Avignon.. Sorties-Loisirs Oktoberfest \u00e0 Marseille, Rencontres gourmandes \u00e0 Vaison.. Nos bons plans du week-end en Provence La Provence En tant que membre du duo Groucho Business cest lui et Chico dAgneau, il a pr\u00e9sent\u00e9 la chronique Rockn roll Graffiti dans la l\u00e9gendaire \u00e9mission Les Enfants du rock. Les deux complices animeront \u00e9galement le Top 50 alors diffus\u00e9 sur Antenne 2. Il est impossible de donner ici le d\u00e9tail du parcours, entre modulation de fr\u00e9quence et petit \u00e9cran, de celui qui sest install\u00e9 \u00e0 Vaison-la-Romaine il y a un an, avec son \u00e9pouse journaliste.  <img decoding=\"async\" src=\"http:\/\/www.provence-charme.com\/wp-content\/uploads\/2014\/06\/Vaison-la-Romaine-site-antique-villasse1-440x257.jpg\" alt=\"rencontres gourmandes vaison la romaine\" align=\"left\">-dimanche 13 octobre : Saint-Trinit-Champignons en f\u00eate.wa_tai1 position:relative;display:-webkit-box;display:-webkit-flex;display:flex;-webkit-box-orient:vertical;-webkit-box-direction:normal;-webkit-flex-direction:column;flex-direction:column; Puis mis \u00e0 cuire dans le four \u00e9lectrique \u00e0 180 pour 30mn   <img decoding=\"async\" src=\"http:\/\/patrimoinedefrance.fr\/images\/uploads\/covers\/1449095197_couvVersaillesLouis%20XVI%20%C3%A0%20Cherbourg.jpg\" alt=\"rencontres gourmandes vaison la romaine\" align=\"right\"> <img decoding=\"async\" src=\"http:\/\/www.gazette-locale.fr\/sites\/default\/files\/article\/20141027-fin-des-rencontres-gourmandes\/dscf8064.jpg\" alt=\"rencontres gourmandes vaison la romaine\" align=\"left\"> Notre C\u00f4tes du Rh\u00f4ne Grande Cuv\u00e9e 2015 a d\u00e9croch\u00e9 2 \u00e9toiles&#8230; Suite au communiqu\u00e9 du chef de l\u00e9tat, toutes les manifestation publiques comme priv\u00e9es sont annul\u00e9es jusqu\u00e0 la mi-juillet. Covid19 Tarifs : 5 pour les enfants et 7 pour les adultes. Toutes nos croisi\u00e8res et destinations dans le monde Le charcutier Christophe Gu\u00e8ze avait tout maniganc\u00e9, tout \u00e9tait pr\u00eat pour saler ces cuisses de cochon qui allaient devenir de tr\u00e8s beaux et savoureux cochons. Une des plus grandes ressources sur Internet pour trouver des \u00e9v\u00e9nementslieux et des entreprises connexes, dans le monde entier. Du Lundi 10 Ao\u00fbt au Dimanche 16 Ao\u00fbt venez profiter de loffre Estivale.. Ci-dessous Laurent Br\u00e9chet le propri\u00e9taire du Ch\u00e2teau de Vaudieu et le chef Christian N\u00e9e. Nous sommes fiers de vous annoncer que notre Ventoux Blanc 2015 a \u00e9t\u00e9 s\u00e9lectionn\u00e9 par le Guide Hachette 2017 :-Ventoux Tradition blanc 2015 : 1 \u00e9toile Report de la Biennale dart contemporain de Lyon \u00e0 septembre 2022.<\/p>\n","protected":false},"excerpt":{"rendered":"<p>rencontres gourmandes vaison la romaine<\/p>\n","protected":false},"author":1,"featured_media":0,"comment_status":"closed","ping_status":"closed","sticky":false,"template":"","format":"standard","meta":{"footnotes":""},"categories":[1],"tags":[],"_links":{"self":[{"href":"http:\/\/intranet.asbl.ca\/blog\/wp-json\/wp\/v2\/posts\/5527"}],"collection":[{"href":"http:\/\/intranet.asbl.ca\/blog\/wp-json\/wp\/v2\/posts"}],"about":[{"href":"http:\/\/intranet.asbl.ca\/blog\/wp-json\/wp\/v2\/types\/post"}],"author":[{"embeddable":true,"href":"http:\/\/intranet.asbl.ca\/blog\/wp-json\/wp\/v2\/users\/1"}],"replies":[{"embeddable":true,"href":"http:\/\/intranet.asbl.ca\/blog\/wp-json\/wp\/v2\/comments?post=5527"}],"version-history":[{"count":1,"href":"http:\/\/intranet.asbl.ca\/blog\/wp-json\/wp\/v2\/posts\/5527\/revisions"}],"predecessor-version":[{"id":5528,"href":"http:\/\/intranet.asbl.ca\/blog\/wp-json\/wp\/v2\/posts\/5527\/revisions\/5528"}],"wp:attachment":[{"href":"http:\/\/intranet.asbl.ca\/blog\/wp-json\/wp\/v2\/media?parent=5527"}],"wp:term":[{"taxonomy":"category","embeddable":true,"href":"http:\/\/intranet.asbl.ca\/blog\/wp-json\/wp\/v2\/categories?post=5527"},{"taxonomy":"post_tag","embeddable":true,"href":"http:\/\/intranet.asbl.ca\/blog\/wp-json\/wp\/v2\/tags?post=5527"}],"curies":[{"name":"wp","href":"https:\/\/api.w.org\/{rel}","templated":true}]}}