{"id":5565,"date":"2020-10-01T07:37:48","date_gmt":"2020-10-01T07:37:48","guid":{"rendered":"http:\/\/intranet.asbl.ca\/blog\/?p=5565"},"modified":"2020-09-24T21:18:36","modified_gmt":"2020-09-24T21:18:36","slug":"luso-rencontres","status":"publish","type":"post","link":"http:\/\/intranet.asbl.ca\/blog\/2020\/10\/01\/luso-rencontres\/","title":{"rendered":"Luso Rencontres"},"content":{"rendered":"<p><img decoding=\"async\" src=\"http:\/\/www.migrzan.ga\/blogmultisite\/wp-content\/uploads\/2015\/10\/13363-604x270.jpg\" alt=\"luso rencontres\" align=\"left\"> M. Jorge Monteiro. Consul G\u00e9n\u00e9ral du Portugal \u00e0 S\u00e9ville Bal Africa-Brasil afrobr\u00e9silcara\u00efbes luso-tropical! <img decoding=\"async\" src=\"http:\/\/www.puortaldovt.cf\/cache\/avatars\/202837_1522854498_fr.png\" alt=\"luso rencontres\" align=\"right\"> Festival Internacional de Cinema de Terror de Lisboa Les diff\u00e9rentes R\u00e9unions de Haut Niveau Luso-Marocaines constituent, pas seulement, une occasion privil\u00e9gi\u00e9e pour approfondir le dialogue politique, mais aussi le moyen de r\u00e9aliser des bilans p\u00e9riodiques de la coop\u00e9ration entre les deux pays dans les divers secteurs, contribuant ainsi \u00e0 la cr\u00e9ation dun cadre juridique bilat\u00e9ral de plus en plus complet. \u039c\u03b5 \u03c4\u03b7\u03bd \u03ba\u03b1\u03c4\u03b1\u03c0\u03c1\u03b1\u03cb\u03bd\u03c4\u03b9\u03ba\u03ae \u03c4\u03b7\u03c2 \u03b4\u03c1\u03ac\u03c3\u03b7, \u03b7 Hydrabio Cream \u03b2\u03b5\u03bb\u03c4\u03b9\u03ce\u03bd\u03b5\u03b9 \u03c4\u03b7\u03bd \u03c5\u03c6\u03ae \u03c4\u03b7\u03c2 \u03b5\u03c0\u03b9\u03b4\u03b5\u03c1\u03bc\u03af\u03b4\u03b1\u03c2 \u03ba\u03b1\u03b9 \u03b1\u03bd\u03b1\u03b6\u03c9\u03bf\u03b3\u03bf\u03bd\u03b5\u03af \u03c4\u03b7 \u03c6\u03c5\u03c3\u03b9\u03ba\u03ae \u03c4\u03b7\u03c2 \u03bb\u03ac\u03bc\u03c8\u03b7. 14Le Portugal a soutenu la mise en place dune politique euro-m\u00e9diterran\u00e9enne ambitieuse. En adh\u00e9rant \u00e0 la Communaut\u00e9 europ\u00e9enne en 1986, il a \u00e9t\u00e9 inclus dans la Politique M\u00e9diterran\u00e9enne Globale, puis dans la Politique M\u00e9diterran\u00e9enne R\u00e9nov\u00e9e en 1990. Le Portugal a appuy\u00e9 la r\u00e9alisation de la Conf\u00e9rence de Barcelone qui a eu comme pr\u00e9c\u00e9dent, entre autres, la D\u00e9claration sur les relations euro-maghr\u00e9bines approuv\u00e9e en 1992 par le Conseil europ\u00e9en de Lisbonne. Les premi\u00e8res ann\u00e9es dadh\u00e9sion ont exig\u00e9 un gros effort dadaptation et daccompagnement de lagenda europ\u00e9en, mais une fois consolid\u00e9e sa position au sein de lUnion europ\u00e9enne, le Portugal a coparrain\u00e9 linitiative de relance du processus de Barcelone lors de sa deuxi\u00e8me pr\u00e9sidence de lUE en 2000, au cours de laquelle le Conseil europ\u00e9en a adopt\u00e9 la Strat\u00e9gie Commune pour la R\u00e9gion de M\u00e9diterran\u00e9e. Il a veill\u00e9 aussi \u00e0 \u00eatre associ\u00e9 \u00e0 toutes les rencontres multilat\u00e9rales en M\u00e9diterran\u00e9e. De m\u00eame, lors du V e Sommet luso-marocain, en septembre 1999, le Portugal avait manifest\u00e9 sa volont\u00e9 d \u00eatre solidaire avec le Maroc dans les efforts pour faire du bassin m\u00e9diterran\u00e9en un espace de paix et d\u00e9veloppement. Vous attendez-vous \u00e0 un adversaire compliqu\u00e9 \u00e0 manier? Bien s\u00fbr. Cela va \u00eatre un vrai match de Ligue 2. On sait que cela va passer par la r\u00e9cup\u00e9ration du ballon, puis en se projetant tr\u00e8s vite vers lavant pour les faire douter. Venez visiter des entreprises, nous rencontrer sur les salons ou participer \u00e0 nos r\u00e9unions de travail Ex-Professeur de portugais e Colaborador do LusoJornal Rencontres franco portugaises Rencontres-portugais.com : Tous droits r\u00e9serv\u00e9s Art. 17-A indica\u00e7\u00e3o dos membros da Comiss\u00e3o Julgadora, \u00e0.. Technologies et un cabinet davocats repr\u00e9sentant un concurrent dInfineon. -Guida MARQUES, Des nouvelles du Br\u00e9sil. La circulation des textes br\u00e9siliens en France et dans la P\u00e9ninsule ib\u00e9rique durant la premi\u00e8re moiti\u00e9 du XVII e si\u00e8cle Cahiers du monde hispanique et luso-br\u00e9silien Caravelle. LAnn\u00e9e du Maghreb est mis \u00e0 disposition selon les termes de la.   <img decoding=\"async\" src=\"http:\/\/www.thrive.wemissedeachother.com\/membres\/photos\/17Jazz_a_Vienne.jpg\" alt=\"luso rencontres\" align=\"right\"> \u0395\u03bd\u03c5\u03b4\u03ac\u03c4\u03c9\u03c3\u03b7, \u039b\u03b9\u03c0\u03b1\u03c1\u03cc \u0391\u03ba\u03bd\u03b5\u03ca\u03ba\u03cc \u0394\u03ad\u03c1\u03bc\u03b1, Fluid Mattifiant, Avene, \u03a0\u03b5\u03c1\u03b9\u03c0\u03bf\u03af\u03b7\u03c3\u03b7 \u03a0\u03c1\u03bf\u03c3\u03ce\u03c0\u03bf\u03c5 au Ce nt re C ultu re l Br\u00e9silien, l Atel ier d\u00c9laboration..<\/p>\n","protected":false},"excerpt":{"rendered":"<p>luso rencontres<\/p>\n","protected":false},"author":1,"featured_media":0,"comment_status":"closed","ping_status":"closed","sticky":false,"template":"","format":"standard","meta":{"footnotes":""},"categories":[1],"tags":[],"_links":{"self":[{"href":"http:\/\/intranet.asbl.ca\/blog\/wp-json\/wp\/v2\/posts\/5565"}],"collection":[{"href":"http:\/\/intranet.asbl.ca\/blog\/wp-json\/wp\/v2\/posts"}],"about":[{"href":"http:\/\/intranet.asbl.ca\/blog\/wp-json\/wp\/v2\/types\/post"}],"author":[{"embeddable":true,"href":"http:\/\/intranet.asbl.ca\/blog\/wp-json\/wp\/v2\/users\/1"}],"replies":[{"embeddable":true,"href":"http:\/\/intranet.asbl.ca\/blog\/wp-json\/wp\/v2\/comments?post=5565"}],"version-history":[{"count":1,"href":"http:\/\/intranet.asbl.ca\/blog\/wp-json\/wp\/v2\/posts\/5565\/revisions"}],"predecessor-version":[{"id":5566,"href":"http:\/\/intranet.asbl.ca\/blog\/wp-json\/wp\/v2\/posts\/5565\/revisions\/5566"}],"wp:attachment":[{"href":"http:\/\/intranet.asbl.ca\/blog\/wp-json\/wp\/v2\/media?parent=5565"}],"wp:term":[{"taxonomy":"category","embeddable":true,"href":"http:\/\/intranet.asbl.ca\/blog\/wp-json\/wp\/v2\/categories?post=5565"},{"taxonomy":"post_tag","embeddable":true,"href":"http:\/\/intranet.asbl.ca\/blog\/wp-json\/wp\/v2\/tags?post=5565"}],"curies":[{"name":"wp","href":"https:\/\/api.w.org\/{rel}","templated":true}]}}